{"id":22785,"date":"2020-03-16T12:10:22","date_gmt":"2020-03-16T12:10:22","guid":{"rendered":"http:\/\/centralmedia.rs\/?p=22785"},"modified":"2020-03-18T05:28:23","modified_gmt":"2020-03-18T05:28:23","slug":"vanredno-u-svilajncu","status":"publish","type":"post","link":"https:\/\/centralmedia.rs\/index.php\/2020\/03\/16\/vanredno-u-svilajncu\/","title":{"rendered":"VANREDNO U SVILAJNCU"},"content":{"rendered":"<p>SVILAJNAC &#8211; Povodom progla\u0161enja vanrednog stanja na teritoriji Srbije, danas je u Svilajncu zasedao \u0160tab za vanredne situacije I odlu\u010dio da se sprovode mere: ograni\u010davanje rada ugostiteljskih objekata od 8 do 20 sati, obustave aktivnosti Centra za brigu o porodici i Korisni\u010dkog centra Svilajnac koji \u0107e prerasti u \u201eKol centar\u201c namenjen za pomo\u0107 najstarijem stanovni\u0161tvu kao najrizi\u010dnijoj kategoriji, podele paketa sa hranom i higijenskim sredstvima korisnicima socijalne pomo\u0107i na teritoriji Svilajnca i poja\u010daju mere higijene u javnim slu\u017ebama, prostorima i povr\u0161inama.<\/p>\n<p>-Pred nama su te\u0161ki dani, ali mi spremno ulazimo u ko\u0161tac sa aktuelnom situacijom. Zajedno sa predsednikom i Vladom Srbije, bori\u0107emo se da najrizi\u010dnija grupa, a to su na\u0161i najstariji sugra\u0111ani, budu za\u0161ti\u0107eni. Puno toga je u deficitu na tr\u017ei\u0161tu i mi \u0107emo se boriti da pribavimo \u0161to vi\u0161e dezinfekcionih sredstava, maski, rukavica i da organizujemo ljude koji \u0107e da odgovorno rade kako bi rizik i posledice od virusa bili svedeni na minimum, izjavio je predsednik op\u0161tine Svilajnac Predrag Milanovi\u0107.<\/p>\n","protected":false},"excerpt":{"rendered":"<p>SVILAJNAC &#8211; Povodom progla\u0161enja vanrednog stanja na teritoriji Srbije, danas je u Svilajncu zasedao \u0160tab za vanredne situacije I odlu\u010dio da se sprovode mere: ograni\u010davanje &hellip; <\/p>\n","protected":false},"author":2,"featured_media":22786,"comment_status":"open","ping_status":"open","sticky":false,"template":"","format":"standard","meta":{"footnotes":""},"categories":[14,1524,2,12,1517],"tags":[4463,38,4462],"_links":{"self":[{"href":"https:\/\/centralmedia.rs\/index.php\/wp-json\/wp\/v2\/posts\/22785"}],"collection":[{"href":"https:\/\/centralmedia.rs\/index.php\/wp-json\/wp\/v2\/posts"}],"about":[{"href":"https:\/\/centralmedia.rs\/index.php\/wp-json\/wp\/v2\/types\/post"}],"author":[{"embeddable":true,"href":"https:\/\/centralmedia.rs\/index.php\/wp-json\/wp\/v2\/users\/2"}],"replies":[{"embeddable":true,"href":"https:\/\/centralmedia.rs\/index.php\/wp-json\/wp\/v2\/comments?post=22785"}],"version-history":[{"count":1,"href":"https:\/\/centralmedia.rs\/index.php\/wp-json\/wp\/v2\/posts\/22785\/revisions"}],"predecessor-version":[{"id":22787,"href":"https:\/\/centralmedia.rs\/index.php\/wp-json\/wp\/v2\/posts\/22785\/revisions\/22787"}],"wp:featuredmedia":[{"embeddable":true,"href":"https:\/\/centralmedia.rs\/index.php\/wp-json\/wp\/v2\/media\/22786"}],"wp:attachment":[{"href":"https:\/\/centralmedia.rs\/index.php\/wp-json\/wp\/v2\/media?parent=22785"}],"wp:term":[{"taxonomy":"category","embeddable":true,"href":"https:\/\/centralmedia.rs\/index.php\/wp-json\/wp\/v2\/categories?post=22785"},{"taxonomy":"post_tag","embeddable":true,"href":"https:\/\/centralmedia.rs\/index.php\/wp-json\/wp\/v2\/tags?post=22785"}],"curies":[{"name":"wp","href":"https:\/\/api.w.org\/{rel}","templated":true}]}}