{"id":22798,"date":"2020-03-16T14:34:02","date_gmt":"2020-03-16T14:34:02","guid":{"rendered":"http:\/\/centralmedia.rs\/?p=22798"},"modified":"2020-04-02T11:19:36","modified_gmt":"2020-04-02T11:19:36","slug":"cuprija-redukovala-rad-suzbi-i-otvorila-kol-centar","status":"publish","type":"post","link":"https:\/\/centralmedia.rs\/index.php\/2020\/03\/16\/cuprija-redukovala-rad-suzbi-i-otvorila-kol-centar\/","title":{"rendered":"\u0106UPRIJA REDUKOVALA RAD SU\u017dBI I OTVORILA KOL CENTAR"},"content":{"rendered":"<p>\u0106UPRIJA- U skladu sa odlukom o progla\u0161enju\u00a0 vanrednog stanja na teritoriji Srbije \u0160tab za vanredne situacije op\u0161tine \u0106uprija danas je odr\u017eao sednicu i doneo odluku da Op\u0161tinska uprava svede rad na minimum, a gotovo celokupna aktivnost se svodi na pomo\u0107 najugro\u017eenijima u vreme vanrednog stanja. U tu svrhu u op\u0161tini se otvara kol centar na \u010dije \u0107e telefone mo\u0107i da se jave svi kojima je potrebna pomo\u0107. Anga\u017eovan je veliki broj volontera koji \u0107e, pre svega, najstarijim sugra\u0111anima pomo\u0107i da do\u0111u do neophodnih lekova i \u017eivotnih namirnica.<\/p>\n<p>Radno\u00a0 vreme kol centra od 8 do 20 \u010dasova,a telefoni su 8476-538 i 8150-908<\/p>\n<p>Funkcionisanje ustanova lokalne samouprave redukuje na rad najneophodnijih slu\u017ebi, pa se do daljeg prekida rad u \u00a0Ustanovi kulture,Muzeju \u201eHoreum Margi-Ravno\u201c, SRC \u201eAda\u201c i Turisti\u010dkoj organizaciji. Gradska biblioteka radi\u0107e normalno. Rad ugostiteljskih ustanova se ograni\u010dava na vreme od od 8 do 18 \u010dasova,a preporuka \u0161taba je da ovi objekti do okon\u010danja vanrednog stanja prekinu rad. Prekida se rad u svim sportskim objektima i de\u010dijim igraonicama. Gradski i prigradski prevoz se reducira na prethodni nivo.<\/p>\n","protected":false},"excerpt":{"rendered":"<p>\u0106UPRIJA- U skladu sa odlukom o progla\u0161enju\u00a0 vanrednog stanja na teritoriji Srbije \u0160tab za vanredne situacije op\u0161tine \u0106uprija danas je odr\u017eao sednicu i doneo odluku &hellip; <\/p>\n","protected":false},"author":2,"featured_media":13652,"comment_status":"open","ping_status":"open","sticky":false,"template":"","format":"standard","meta":{"footnotes":""},"categories":[1515,14,1524,2,12],"tags":[44,4466,4465],"_links":{"self":[{"href":"https:\/\/centralmedia.rs\/index.php\/wp-json\/wp\/v2\/posts\/22798"}],"collection":[{"href":"https:\/\/centralmedia.rs\/index.php\/wp-json\/wp\/v2\/posts"}],"about":[{"href":"https:\/\/centralmedia.rs\/index.php\/wp-json\/wp\/v2\/types\/post"}],"author":[{"embeddable":true,"href":"https:\/\/centralmedia.rs\/index.php\/wp-json\/wp\/v2\/users\/2"}],"replies":[{"embeddable":true,"href":"https:\/\/centralmedia.rs\/index.php\/wp-json\/wp\/v2\/comments?post=22798"}],"version-history":[{"count":1,"href":"https:\/\/centralmedia.rs\/index.php\/wp-json\/wp\/v2\/posts\/22798\/revisions"}],"predecessor-version":[{"id":22799,"href":"https:\/\/centralmedia.rs\/index.php\/wp-json\/wp\/v2\/posts\/22798\/revisions\/22799"}],"wp:featuredmedia":[{"embeddable":true,"href":"https:\/\/centralmedia.rs\/index.php\/wp-json\/wp\/v2\/media\/13652"}],"wp:attachment":[{"href":"https:\/\/centralmedia.rs\/index.php\/wp-json\/wp\/v2\/media?parent=22798"}],"wp:term":[{"taxonomy":"category","embeddable":true,"href":"https:\/\/centralmedia.rs\/index.php\/wp-json\/wp\/v2\/categories?post=22798"},{"taxonomy":"post_tag","embeddable":true,"href":"https:\/\/centralmedia.rs\/index.php\/wp-json\/wp\/v2\/tags?post=22798"}],"curies":[{"name":"wp","href":"https:\/\/api.w.org\/{rel}","templated":true}]}}