{"id":22805,"date":"2020-03-17T15:17:52","date_gmt":"2020-03-17T15:17:52","guid":{"rendered":"http:\/\/centralmedia.rs\/?p=22805"},"modified":"2020-04-02T11:20:03","modified_gmt":"2020-04-02T11:20:03","slug":"resavski-gastarbajteri-ne-postuju-mere-protiv-sirenja-zaraze-korona-virusom","status":"publish","type":"post","link":"https:\/\/centralmedia.rs\/index.php\/2020\/03\/17\/resavski-gastarbajteri-ne-postuju-mere-protiv-sirenja-zaraze-korona-virusom\/","title":{"rendered":"Resavski gastarbajteri ne po\u0161tuju mere protiv \u0161irenja zaraze korona virusom"},"content":{"rendered":"<p>SVILAJNAC &#8211; Gra\u0111ani koji su na privemenom radu u inostranstvu \u00a0ne po\u0161tuju Odluku o vanrednom stanju i mere protiv \u0161irenja zaraze korona virusom i zbog tih ljudi Resavski kraj postao najugro\u017eenije podru\u010dje u Srbiji, rekao je predsednik op\u0161tine Svilajnac Predrag Milanovi\u0107.<\/p>\n<p>-Puno ljudi iz inostranstva dolazi u Resavski kraj, a \u017eena, koja je doputovala iz Italije, ima ozbiljne simptome zaraze. Ona je iz sela Ku\u0161iljevo prevezena kolima Slu\u017ebe hitne pomo\u0107i u Zavod za javno zdravlje i Op\u0161tu bolnicu u \u0106upriji, rekao je Milanovi\u0107.<\/p>\n<p>Ju\u010de je samo autobusima do\u0161lo preko stotinu ljudi iz inostranstva u Svilajnac, ne po\u0161tuju preventivne mere dr\u017eavnih organa u vezi spre\u010davanja \u0161irenja zaraze korona virusom i Odluku o vanrednom stanju.<\/p>\n<p>-Op\u0161tinski \u0160tab za vanredne situacije, razgovarao je sa lokalnom policijom da poja\u010da kontrolu kretanja ljudi koji su do\u0161li iz kriznih podru\u010dja jer smo, zbog neodgovornog pona\u0161anja pojedinaca, svi u velikom problemu od zaraze, rekao je Milanovi\u0107.<br \/>\n&#8211; Molimo sve ljude, a posebno one koji dolaze iz inostranstva da po\u0161tuju pravila i budu u samoizolaciji po propisanim merama 14 ili 28 dana, u zavisnosti od zemlje i \u017eari\u0161ta iz kog dolaze. Apelujem na njih da budu odgovorni prema sebi i prema svima nama jer samo tako \u0107emo spre\u010diti svi zajedno budemo u velikom problemu, apelovao je Milanovi\u0107.<\/p>\n","protected":false},"excerpt":{"rendered":"<p>SVILAJNAC &#8211; Gra\u0111ani koji su na privemenom radu u inostranstvu \u00a0ne po\u0161tuju Odluku o vanrednom stanju i mere protiv \u0161irenja zaraze korona virusom i zbog &hellip; <\/p>\n","protected":false},"author":2,"featured_media":4252,"comment_status":"open","ping_status":"open","sticky":false,"template":"","format":"standard","meta":{"footnotes":""},"categories":[28,1524,2,12,1517],"tags":[4446,4381,38],"_links":{"self":[{"href":"https:\/\/centralmedia.rs\/index.php\/wp-json\/wp\/v2\/posts\/22805"}],"collection":[{"href":"https:\/\/centralmedia.rs\/index.php\/wp-json\/wp\/v2\/posts"}],"about":[{"href":"https:\/\/centralmedia.rs\/index.php\/wp-json\/wp\/v2\/types\/post"}],"author":[{"embeddable":true,"href":"https:\/\/centralmedia.rs\/index.php\/wp-json\/wp\/v2\/users\/2"}],"replies":[{"embeddable":true,"href":"https:\/\/centralmedia.rs\/index.php\/wp-json\/wp\/v2\/comments?post=22805"}],"version-history":[{"count":2,"href":"https:\/\/centralmedia.rs\/index.php\/wp-json\/wp\/v2\/posts\/22805\/revisions"}],"predecessor-version":[{"id":22807,"href":"https:\/\/centralmedia.rs\/index.php\/wp-json\/wp\/v2\/posts\/22805\/revisions\/22807"}],"wp:featuredmedia":[{"embeddable":true,"href":"https:\/\/centralmedia.rs\/index.php\/wp-json\/wp\/v2\/media\/4252"}],"wp:attachment":[{"href":"https:\/\/centralmedia.rs\/index.php\/wp-json\/wp\/v2\/media?parent=22805"}],"wp:term":[{"taxonomy":"category","embeddable":true,"href":"https:\/\/centralmedia.rs\/index.php\/wp-json\/wp\/v2\/categories?post=22805"},{"taxonomy":"post_tag","embeddable":true,"href":"https:\/\/centralmedia.rs\/index.php\/wp-json\/wp\/v2\/tags?post=22805"}],"curies":[{"name":"wp","href":"https:\/\/api.w.org\/{rel}","templated":true}]}}