{"id":22821,"date":"2020-03-18T05:17:30","date_gmt":"2020-03-18T05:17:30","guid":{"rendered":"http:\/\/centralmedia.rs\/?p=22821"},"modified":"2020-04-02T11:24:49","modified_gmt":"2020-04-02T11:24:49","slug":"formiran-pozivni-centar-u-svilajncu-prijava-volontera-dom-zdravlja-i-javna-higijena","status":"publish","type":"post","link":"https:\/\/centralmedia.rs\/index.php\/2020\/03\/18\/formiran-pozivni-centar-u-svilajncu-prijava-volontera-dom-zdravlja-i-javna-higijena\/","title":{"rendered":"FORMIRAN POZIVNI CENTAR U SVILAJNCU, PRIJAVA VOLONTERA, DOM ZDRAVLJA I JAVNA HIGIJENA"},"content":{"rendered":"<p>SVILAJNAC- U skladu sa vanrednim stanjem i posebnim merama Vlade RS, \u0160tab za vanredne situacije op\u0161tine Svilajnac formirao je Pozivni centar i slu\u017ebu za uslu\u017ene nabavke osnovnih \u017eivotnih namernica i lekova, namenjenu slede\u0107im kategorijama gra\u0111ana op\u0161tine Svilajnac:<\/p>\n<p>&#8211; licima koja su starija od 65 godina \u017eivota, koja \u017eive sama bez podr\u0161ke mla\u0111ih \u010dlanova porodice;<\/p>\n<p>&#8211; licima koja su mla\u0111a od 65 godina i nisu u mogu\u0107nosti da iz zdravstvenih razloga izlaze van ku\u0107e a \u017eive sama bez podr\u0161ke porodice.<\/p>\n<p>Pozivni centar \u0107e de\u017eurati svakog dana u periodu od 8 do 20 \u010dasova, a svi gra\u0111ani koji spadaju u neku od gore navedenih kategorija stanovni\u0161tva i \u017eele da koriste usluge mogu da se jave na slede\u0107e telefone:<\/p>\n<p>035\/ 815-0-360<br \/>\n035\/ 815-0-361<br \/>\n035\/ 815-0-362<br \/>\n035\/ 815-0-363<br \/>\n035\/ 312-311<\/p>\n<p>Navedeni telefoni nisu za prijavu zdravstvenih problema i simptoma virusa! U tim slu\u010dajevima potrebno je obratiti se nadle\u017enoj zdravstvenoj ustanovi:<br \/>\n&#8211; Zavod za javno zdravlje u \u0106upriji &#8211; 061\/6638692<br \/>\n035\/8470036, lokal 124 i 119<br \/>\n&#8211; Institut za javno zdravlje Kragujevac &#8211; 065\/8776914<br \/>\n&#8211; Ministrastvo zdravlja &#8211; 064\/8945235<\/p>\n<p>VOLONTERI KOJI \u017dELE DA SE PRIDRU\u017dE AKCIJI MOGU DA SE PRIJAVE PUTEM TELEFONA 0653123111<\/p>\n<p><img loading=\"lazy\" decoding=\"async\" class=\"alignnone wp-image-22824 size-large\" src=\"http:\/\/centralmedia.rs\/wp-content\/uploads\/2020\/03\/dom-zdravlja-1024x683.jpg\" alt=\"\" width=\"640\" height=\"427\" srcset=\"https:\/\/centralmedia.rs\/wp-content\/uploads\/2020\/03\/dom-zdravlja-1024x683.jpg 1024w, https:\/\/centralmedia.rs\/wp-content\/uploads\/2020\/03\/dom-zdravlja-300x200.jpg 300w, https:\/\/centralmedia.rs\/wp-content\/uploads\/2020\/03\/dom-zdravlja-768x512.jpg 768w, https:\/\/centralmedia.rs\/wp-content\/uploads\/2020\/03\/dom-zdravlja-630x420.jpg 630w, https:\/\/centralmedia.rs\/wp-content\/uploads\/2020\/03\/dom-zdravlja-640x427.jpg 640w, https:\/\/centralmedia.rs\/wp-content\/uploads\/2020\/03\/dom-zdravlja-681x454.jpg 681w, https:\/\/centralmedia.rs\/wp-content\/uploads\/2020\/03\/dom-zdravlja.jpg 2048w\" sizes=\"(max-width: 640px) 100vw, 640px\" \/><\/p>\n<p>DOM ZDRAVLJA<\/p>\n<p>Predsednik op\u0161tine Svilajnac Predrag Milanovi\u0107 danas je obi\u0161ao Dom zdravlja, gde se upoznao sa sprovo\u0111enjem mera koje su donete na sednici \u0160taba za vanredne situacije. Direktor ustanove dr Vera Branisavljevi\u0107 istakla je da se sve mere sprovode u skladu sa odlukama i da za sada nema nikavih problema. Dogovoreno \u0458\u0435 da se od danas krene sa kompletnom dezinfekcijom svih prilaza ovoj zdravstvenoj ustanovi, a predsednik op\u0161tine Predrag Milanovi\u0107 je jo\u0161 jednom zamolio sve gra\u0111an\u0435 da\u00a0se strogo pridr\u017eavaju pravila o izolaciji kako ne bi do\u0161lo do \u0161irenja virusa.<\/p>\n<p>-Dom zdravlja primenjuje sva uputsva koje dobija od Vlade Srbije i od lokalnog Kriznog \u0161taba i hvala im na tome. \u010ceka nas te\u017eak period i zato molim sve ljude, a posebno one koji dolaze iz inostranstva da po\u0161tuju pravila i budu u samoizolaciji po propisanim merama 14 ili 28 dana, u zavisnosti od zemlje i \u017eari\u0161ta iz kog dolaze. Apelujem na njih da budu odgovorni prema sebi i prema svima nama jer samo tako \u0107emo spre\u010diti svi zajedno budemo u velikom problemu, izjavio je Milanovi\u0107.<\/p>\n<p><img loading=\"lazy\" decoding=\"async\" class=\"alignnone wp-image-22823 size-large\" src=\"http:\/\/centralmedia.rs\/wp-content\/uploads\/2020\/03\/pranje-ulica-1024x576.jpg\" alt=\"\" width=\"640\" height=\"360\" srcset=\"https:\/\/centralmedia.rs\/wp-content\/uploads\/2020\/03\/pranje-ulica-1024x576.jpg 1024w, https:\/\/centralmedia.rs\/wp-content\/uploads\/2020\/03\/pranje-ulica-300x169.jpg 300w, https:\/\/centralmedia.rs\/wp-content\/uploads\/2020\/03\/pranje-ulica-768x432.jpg 768w, https:\/\/centralmedia.rs\/wp-content\/uploads\/2020\/03\/pranje-ulica-746x420.jpg 746w, https:\/\/centralmedia.rs\/wp-content\/uploads\/2020\/03\/pranje-ulica-640x360.jpg 640w, https:\/\/centralmedia.rs\/wp-content\/uploads\/2020\/03\/pranje-ulica-681x383.jpg 681w, https:\/\/centralmedia.rs\/wp-content\/uploads\/2020\/03\/pranje-ulica.jpg 1912w\" sizes=\"(max-width: 640px) 100vw, 640px\" \/><\/p>\n<p>JAVNA HIGIJENA<\/p>\n<p>Prema odluci Kriznog \u0161taba op\u0161tine Svilajnac poja\u010dane su mere higijene u javnim slu\u017ebama, prostorijama i povr\u0161inama kako bi se predupredila pojava korona virusa.<br \/>\n\u201ePranje gradskih saobra\u0107ajnica kako glavnih tako i sporednih sprovodi\u0107e na dnevnom nivou. Sme\u0107e \u0107e se odnosti \u010de\u0161\u0107e. Svakog dana tezge na gradskoj pijaci bi\u0107e dezinfikovane kako bi spre\u010dili pojavu i \u0161irenje korona virusa\u201c, izjavio je direktor Komunalnog javnog preduze\u0107a \u201eMorava\u201c Goran Boji\u0107.<\/p>\n","protected":false},"excerpt":{"rendered":"<p>SVILAJNAC- U skladu sa vanrednim stanjem i posebnim merama Vlade RS, \u0160tab za vanredne situacije op\u0161tine Svilajnac formirao je Pozivni centar i slu\u017ebu za uslu\u017ene &hellip; <\/p>\n","protected":false},"author":2,"featured_media":22822,"comment_status":"open","ping_status":"open","sticky":false,"template":"","format":"standard","meta":{"footnotes":""},"categories":[14,1524,2,12,1517],"tags":[4474,4475,4473,38],"_links":{"self":[{"href":"https:\/\/centralmedia.rs\/index.php\/wp-json\/wp\/v2\/posts\/22821"}],"collection":[{"href":"https:\/\/centralmedia.rs\/index.php\/wp-json\/wp\/v2\/posts"}],"about":[{"href":"https:\/\/centralmedia.rs\/index.php\/wp-json\/wp\/v2\/types\/post"}],"author":[{"embeddable":true,"href":"https:\/\/centralmedia.rs\/index.php\/wp-json\/wp\/v2\/users\/2"}],"replies":[{"embeddable":true,"href":"https:\/\/centralmedia.rs\/index.php\/wp-json\/wp\/v2\/comments?post=22821"}],"version-history":[{"count":1,"href":"https:\/\/centralmedia.rs\/index.php\/wp-json\/wp\/v2\/posts\/22821\/revisions"}],"predecessor-version":[{"id":22825,"href":"https:\/\/centralmedia.rs\/index.php\/wp-json\/wp\/v2\/posts\/22821\/revisions\/22825"}],"wp:featuredmedia":[{"embeddable":true,"href":"https:\/\/centralmedia.rs\/index.php\/wp-json\/wp\/v2\/media\/22822"}],"wp:attachment":[{"href":"https:\/\/centralmedia.rs\/index.php\/wp-json\/wp\/v2\/media?parent=22821"}],"wp:term":[{"taxonomy":"category","embeddable":true,"href":"https:\/\/centralmedia.rs\/index.php\/wp-json\/wp\/v2\/categories?post=22821"},{"taxonomy":"post_tag","embeddable":true,"href":"https:\/\/centralmedia.rs\/index.php\/wp-json\/wp\/v2\/tags?post=22821"}],"curies":[{"name":"wp","href":"https:\/\/api.w.org\/{rel}","templated":true}]}}