{"id":22839,"date":"2020-03-19T14:47:12","date_gmt":"2020-03-19T14:47:12","guid":{"rendered":"http:\/\/centralmedia.rs\/?p=22839"},"modified":"2020-04-02T11:25:29","modified_gmt":"2020-04-02T11:25:29","slug":"pacijent-sa-intenzivne-nege-negativan-na-korona-virus-ocekuju-se-rezultati-ostalih-testiranih-lica","status":"publish","type":"post","link":"https:\/\/centralmedia.rs\/index.php\/2020\/03\/19\/pacijent-sa-intenzivne-nege-negativan-na-korona-virus-ocekuju-se-rezultati-ostalih-testiranih-lica\/","title":{"rendered":"PACIJENT SA INTENZIVNE NEGE NEGATIVAN NA KORONA VIRUS, O\u010cEKUJU SE REZULTATI OSTALIH TESTIRANIH LICA"},"content":{"rendered":"<p>\u0106UPRIJA- U Pomoravskom okrugu nema novih slu\u010dajeva oboljevanja ili infekcije novim\u00a0 korona virusom covid-19, ju\u010de je kod dvojice mu\u0161karaca iz \u0106uprije potvr\u0111ena infekcija tim virusom a predhono kod mu\u0161karca u Rekovcu. Pacijent sa Intenzivne nege u \u0106upriji, prema rezultatima testa, nije oboleo od tog virusa, dok se o\u010dekuju se rezultati za tri \u017eene, dve iz Jagodine i jedne iz Svilajnca. \u017dena iz Jagodine koja je imala kontakte sa licima koja su do\u0161la iz Austrije, Francuske i \u0160vajcarske apeluje na gra\u0111ane da se jave zdravstenim slu\u017ebama ako dobiju temperaturu.<\/p>\n<p>-Imala sam temperaturu nekoliko dana do 39 stepeni i javila sam se lekaru, uradila snimanje plu\u0107a na rentgenu, a rezultati su bili indikativni epidemiolozima da posumnjaju u mogu\u0107u infekciju korona virusom. Odmah su me vozilom hitne pomo\u0107i prevezili u \u0106upriju, gde su mi uzeti brisevi iz grla i nosa. Nalo\u017eeno mi je da se izolujem u ku\u0107nim uslovima i tu sa\u010dekam rezultate. Osobe sa kojima sam bila u kontaktu nemaju simptome infekcije virusom. Zdravstveno osoblje je bilo veoma predusetljivo, odnos za svaku pohvalu, rade veoma te\u017eak i odgovoran posao, ka\u017ee Jagodinka koja sa strepnjom o\u010dekuje rezltate.<\/p>\n<p>Druga \u017eena iz Jagodine koja je testirana, tako\u0111e, pokazuje simptome infekcije korona virusom. Re\u010d je o \u017eeni koja je \u017eivi u Beoogradu i koja je posle putovanja u Francusku posetila majku u Jagodini. Tre\u0107a \u017eena je iz Ku\u0161iljeva i ona je do\u0161la iz Italije, imala je vi\u0161e kontakata u selu i Svilajncu pre nego \u0161to je primetila simptome.<\/p>\n","protected":false},"excerpt":{"rendered":"<p>\u0106UPRIJA- U Pomoravskom okrugu nema novih slu\u010dajeva oboljevanja ili infekcije novim\u00a0 korona virusom covid-19, ju\u010de je kod dvojice mu\u0161karaca iz \u0106uprije potvr\u0111ena infekcija tim virusom &hellip; <\/p>\n","protected":false},"author":2,"featured_media":22768,"comment_status":"open","ping_status":"open","sticky":false,"template":"","format":"standard","meta":{"footnotes":""},"categories":[1515,28,1524,2,1514,12,1517],"tags":[58,4446,38],"_links":{"self":[{"href":"https:\/\/centralmedia.rs\/index.php\/wp-json\/wp\/v2\/posts\/22839"}],"collection":[{"href":"https:\/\/centralmedia.rs\/index.php\/wp-json\/wp\/v2\/posts"}],"about":[{"href":"https:\/\/centralmedia.rs\/index.php\/wp-json\/wp\/v2\/types\/post"}],"author":[{"embeddable":true,"href":"https:\/\/centralmedia.rs\/index.php\/wp-json\/wp\/v2\/users\/2"}],"replies":[{"embeddable":true,"href":"https:\/\/centralmedia.rs\/index.php\/wp-json\/wp\/v2\/comments?post=22839"}],"version-history":[{"count":2,"href":"https:\/\/centralmedia.rs\/index.php\/wp-json\/wp\/v2\/posts\/22839\/revisions"}],"predecessor-version":[{"id":22844,"href":"https:\/\/centralmedia.rs\/index.php\/wp-json\/wp\/v2\/posts\/22839\/revisions\/22844"}],"wp:featuredmedia":[{"embeddable":true,"href":"https:\/\/centralmedia.rs\/index.php\/wp-json\/wp\/v2\/media\/22768"}],"wp:attachment":[{"href":"https:\/\/centralmedia.rs\/index.php\/wp-json\/wp\/v2\/media?parent=22839"}],"wp:term":[{"taxonomy":"category","embeddable":true,"href":"https:\/\/centralmedia.rs\/index.php\/wp-json\/wp\/v2\/categories?post=22839"},{"taxonomy":"post_tag","embeddable":true,"href":"https:\/\/centralmedia.rs\/index.php\/wp-json\/wp\/v2\/tags?post=22839"}],"curies":[{"name":"wp","href":"https:\/\/api.w.org\/{rel}","templated":true}]}}