{"id":22845,"date":"2020-03-19T15:06:28","date_gmt":"2020-03-19T15:06:28","guid":{"rendered":"http:\/\/centralmedia.rs\/?p=22845"},"modified":"2020-04-02T11:25:36","modified_gmt":"2020-04-02T11:25:36","slug":"krivicne-prijave-zbog-nepostovanja-resenja-o-izlociji-u-kucnim-uslovima","status":"publish","type":"post","link":"https:\/\/centralmedia.rs\/index.php\/2020\/03\/19\/krivicne-prijave-zbog-nepostovanja-resenja-o-izlociji-u-kucnim-uslovima\/","title":{"rendered":"KRIVI\u010cNE PRIJAVE ZBOG NEPO\u0160TOVANJA RE\u0160ENJA O IZOLACIJI U KU\u0106NIM USLOVIMA"},"content":{"rendered":"<p>JAGODINA &#8211; Pripadnici Ministarstva unutra\u0161njih poslova u Jagodini, po nalogu nadle\u017enog tu\u017eila\u0161tva, podneli su krivi\u010dne prijave protiv pedesetogodi\u0161nje \u017eene iz okoline Jagodine i \u010detrdesetdevetogodi\u0161njeg mu\u0161karca iz okoline Svilajnca, zbog postojanja osnova sumnje da je izvr\u0161ila krivi\u010dno delo nepostupanje po zdravstvenim propisima za vreme epidemije.<\/p>\n<p>Sumnja se da oni, po povratku iz inostranstva, nisu po\u0161tovali re\u0161enje o izolaciji u ku\u0107nim uslovima, koje im je na grani\u010dnom prelazu uru\u010dila sanitarna inspekcija. Kako saznajemo re\u010d je o me\u0161tanima Grabovca i Stri\u017eila.<\/p>\n","protected":false},"excerpt":{"rendered":"<p>JAGODINA &#8211; Pripadnici Ministarstva unutra\u0161njih poslova u Jagodini, po nalogu nadle\u017enog tu\u017eila\u0161tva, podneli su krivi\u010dne prijave protiv pedesetogodi\u0161nje \u017eene iz okoline Jagodine i \u010detrdesetdevetogodi\u0161njeg mu\u0161karca &hellip; <\/p>\n","protected":false},"author":2,"featured_media":22713,"comment_status":"open","ping_status":"open","sticky":false,"template":"","format":"standard","meta":{"footnotes":""},"categories":[1524,20,2,1514,12],"tags":[58,570,38],"_links":{"self":[{"href":"https:\/\/centralmedia.rs\/index.php\/wp-json\/wp\/v2\/posts\/22845"}],"collection":[{"href":"https:\/\/centralmedia.rs\/index.php\/wp-json\/wp\/v2\/posts"}],"about":[{"href":"https:\/\/centralmedia.rs\/index.php\/wp-json\/wp\/v2\/types\/post"}],"author":[{"embeddable":true,"href":"https:\/\/centralmedia.rs\/index.php\/wp-json\/wp\/v2\/users\/2"}],"replies":[{"embeddable":true,"href":"https:\/\/centralmedia.rs\/index.php\/wp-json\/wp\/v2\/comments?post=22845"}],"version-history":[{"count":2,"href":"https:\/\/centralmedia.rs\/index.php\/wp-json\/wp\/v2\/posts\/22845\/revisions"}],"predecessor-version":[{"id":22847,"href":"https:\/\/centralmedia.rs\/index.php\/wp-json\/wp\/v2\/posts\/22845\/revisions\/22847"}],"wp:featuredmedia":[{"embeddable":true,"href":"https:\/\/centralmedia.rs\/index.php\/wp-json\/wp\/v2\/media\/22713"}],"wp:attachment":[{"href":"https:\/\/centralmedia.rs\/index.php\/wp-json\/wp\/v2\/media?parent=22845"}],"wp:term":[{"taxonomy":"category","embeddable":true,"href":"https:\/\/centralmedia.rs\/index.php\/wp-json\/wp\/v2\/categories?post=22845"},{"taxonomy":"post_tag","embeddable":true,"href":"https:\/\/centralmedia.rs\/index.php\/wp-json\/wp\/v2\/tags?post=22845"}],"curies":[{"name":"wp","href":"https:\/\/api.w.org\/{rel}","templated":true}]}}