{"id":2289,"date":"2016-03-07T21:59:13","date_gmt":"2016-03-07T21:59:13","guid":{"rendered":"http:\/\/centralmedia.rs\/?p=2289"},"modified":"2016-03-07T21:59:13","modified_gmt":"2016-03-07T21:59:13","slug":"palma-nemam-nameru-da-se-selim-u-beograd","status":"publish","type":"post","link":"https:\/\/centralmedia.rs\/index.php\/2016\/03\/07\/palma-nemam-nameru-da-se-selim-u-beograd\/","title":{"rendered":"PALMA-NEMAM NAMERU DA SE SELIM U BEOGRAD"},"content":{"rendered":"<p>JS I SPS PREDALA LISTU ZA LOKALNE IZBORE U JAGODINI<br \/>\nPALMA-NEMAM NAMERU DA SE SELIM U BEOGRAD<br \/>\nJAGODINA-Koalicija Dragan Markovi\u0107 Palma &#8211; Jedinstvena Srbija, Ivica Da\u010di\u0107 &#8211; Socijalisti\u010dka partija Srbije ve\u010deras je je Gradskoj izbornoj komisiji u Jagodini predala izbornu listu sa potpisima 1200 gra\u0111ana. To je prva lista koja je predata u tom gradu.<\/p>\n<p>&#8211; Predali smo 1200 potpisa.Za\u0161to nismo vi\u0161e, zato \u0161to ne\u0107emo da pla\u0107amo potpise i ako treba samo hiljadu potpisa, jer ho\u0107emo da te pare koriste mladi ljudi. Poznato je da JS i na\u0161 koalicioni partner SPS u Jagodini imamo 16 000 \u010dlanova , rekao je posle predaje potpisa, predsednik JS Dragan Markovi\u0107 Palma.<\/p>\n<p>&#8211; \u017delim da po\u0161aljem poruku gra\u0111anima Jagodine da pogledaju dobro ko su na\u0161i kandidati za odbornike. Sve kandidate sa na\u0161e liste 90 posto Jagodinaca poznaje. To su ljudi iz javnog \u017eivota, koji su vr\u0161ili usluge gra\u0111anima ovog grada i svi su u radnom odnosu, odnosno svi su zaposleni. Prosek godina radnog sta\u017ea na\u0161ih kandidata je 20 godina, \u0161to zna\u010di da su to veoma iskusni ljudi. Imamo i doktore i prosvetne radnike i privrednike i poljoprivrednike i menad\u017eere, tako da na\u0161a lista ima kapacitet da nastavi tamo gde smo stali, poru\u010dio je Markovi\u0107.<br \/>\n-U izbornoj kampanji ne\u0107emo da delimo ni ka\u010dkete, ni majice ni olovke, jer nemamo za to pare. Mi smo na\u0161e pare tro\u0161ili i pomagali gra\u0111anim ovog grada, bolesnim ljudima, studentima &#8230; , a ono \u0161to su na\u0161i alibiji za kampanju su dela i objekti. Dela i objekte koje smo mi napravili na\u0161i gra\u0111ani vrlo dobro znaju i ja sam siguran da \u0107e oni glasati za listu gde poznaju svakog od nas i mene kao predsednika JS, koji \u017eivim u Jagodini i nemam nameru da se selim u Beograd i da mi mesto boravka bude u Beogradu, \u0161to zna\u010di da \u0107e kao i do sada svaki gra\u0111anin na\u0161eg grada mo\u0107i da do\u0111e do mene i da me pita \u0161ta god mu treba i da pomognemo i tako radimo ve\u0107 12 godina, ka\u017ee Markovi\u0107.<br \/>\n-U izbornoj kampanji ne\u0107emo da napadamo nijednu partiju i nijednog pojedinca. Ne\u0107emo imati vremena da se bavimo drugim partijama i pojednicima. Da znaju gra\u0111ani, oni koji prvo govore o drugima, nemaju \u0161ta da vam ponude i da vam daju izvestaj o radu. Prvo \u0107emo davati izve\u0161taj o radu, a posle \u0107emo gra\u0111anima objasniti \u0161ta \u0107emo da uradimo u narednom periodu. Mo\u017eda \u0107e neko od Jagodinaca da ka\u017ee da njegovo dete nije zaposleno, ili supruga i brat, ali nama mogu da veruju jer mi smo po\u010deli da zapo\u0161ljavamo poslednje tri godine. Do kraja ove godie bi\u0107e napravljeno u na\u0161oj industrijskoj zoni jo\u0161 5 fabrika, a do kraja naredne godine jo\u0161 10. Sve partije koje izlaze na izbore pri\u010da\u0107e to isto, ali mi pokazujemo sve ono \u0161to govorimo. Na\u0161i rezultati su borba protiv bele kuge, jer imamo svake godine dva razreda \u0111aka prvaka vi\u0161e nego prethodne, zatim socijalna pravda, industrijska zona, sport, kultura, turizam. Iz svih oblasti smo dobili priznanja i to od vrhunskih \u017eirija kao \u0161to je Zlatni klju\u010d Dunavskog regiona u konkurenciji gradova kao sto su Be\u010d i Budimpe\u0161ta, naglasio je Markovi\u0107.<\/p>\n<p>&#8211; Mladi ljudi ne treba da razmi\u0161ljaju \u0161ta posle \u0161kole ili fakulteta jer znaju da \u0107e imati dovoljno posla za sva zanimanja. Ovaj grad je stekao i me\u0111unarodnu popularnost. Ne postoji ambasador koji radi i \u017eivi u Beogradu, a da nije bio u Jagodini. I ne samo to, gradona\u010delnik Be\u010da Mihael Hojpl je rekao da \u0107e preuzeti deo na\u0161eg programa, a zamenik ministra ekonomije Italije je kazao da \u0107e poslati nekoliko italijanskih gradona\u010delnika na obuku u Jagodinu. I sva ta putovanja koja smo mi organizovali nijedan dinar nisu ko\u0161tala bud\u017eet grada Jagodine, a sve su platili donatori i prijatelji na\u0161eg grada, a putovalo je 30. 000 na\u0161ih gra\u0111ana od \u0111aka do penzionera , naveo je Markovi\u0107.<\/p>\n<p>&#8211; Mi znamo \u0161ta su nam prioriteti i gra\u0111ani znaju da nismo kupovali skupe automobile za lokalnu samoupravu i javna preduze\u0107a, kao \u0161to je slu\u010daj u drugim gradovima. Na\u0161i prioriteti su kako da pomognemo svakom gra\u0111aninu u ovom gradu i siguran sam da to na\u0161i gra\u0111ani veoma doboro znaju. \u017delim da se zahvalim i kandidatima za odbornike i mogu slobodnu da ka\u017eem da smo mi jedna velika porodica. Ne postoji li\u010dni interes nijednog od njih i ne postoji interes Jedinstvene Srbije, ovde je interes gra\u0111ana ovog grada. Siguran sam da \u0107emo mi ubedljivo da pobedimo zato \u0161to je na\u0161 izvje\u0161taj o radu ogroman. Pozivam gra\u0111ane Jagodine da iza\u0111u na izbore i neka uzmu i zejtin i \u0161e\u0107er i bra\u0161no od svakog ko im ponudi i ka\u017eite svima glasa\u0107u za njega. Ali nemojte da dozvolite da vam dolaze na vrata i zvone i da vam pri\u010daju kako su oni neko ko \u0107e da spasi va\u0161 grad. Ne\u0107emo da dolazimo na va\u0161a vrata. Pozivamo vas da obi\u0111ete na\u0161a dela i sve ono sto je napravljeno u na\u0161em gradu i to je nas izborni slogan &#8211; Doma\u0107inski za dela , zaklju\u010dio je Markovi\u0107.<\/p>\n","protected":false},"excerpt":{"rendered":"<p>JS I SPS PREDALA LISTU ZA LOKALNE IZBORE U JAGODINI PALMA-NEMAM NAMERU DA SE SELIM U BEOGRAD JAGODINA-Koalicija Dragan Markovi\u0107 Palma &#8211; Jedinstvena Srbija, Ivica &hellip; <\/p>\n","protected":false},"author":4,"featured_media":2290,"comment_status":"open","ping_status":"open","sticky":false,"template":"","format":"standard","meta":{"footnotes":""},"categories":[2,13,12],"tags":[58,591,120],"_links":{"self":[{"href":"https:\/\/centralmedia.rs\/index.php\/wp-json\/wp\/v2\/posts\/2289"}],"collection":[{"href":"https:\/\/centralmedia.rs\/index.php\/wp-json\/wp\/v2\/posts"}],"about":[{"href":"https:\/\/centralmedia.rs\/index.php\/wp-json\/wp\/v2\/types\/post"}],"author":[{"embeddable":true,"href":"https:\/\/centralmedia.rs\/index.php\/wp-json\/wp\/v2\/users\/4"}],"replies":[{"embeddable":true,"href":"https:\/\/centralmedia.rs\/index.php\/wp-json\/wp\/v2\/comments?post=2289"}],"version-history":[{"count":0,"href":"https:\/\/centralmedia.rs\/index.php\/wp-json\/wp\/v2\/posts\/2289\/revisions"}],"wp:featuredmedia":[{"embeddable":true,"href":"https:\/\/centralmedia.rs\/index.php\/wp-json\/wp\/v2\/media\/2290"}],"wp:attachment":[{"href":"https:\/\/centralmedia.rs\/index.php\/wp-json\/wp\/v2\/media?parent=2289"}],"wp:term":[{"taxonomy":"category","embeddable":true,"href":"https:\/\/centralmedia.rs\/index.php\/wp-json\/wp\/v2\/categories?post=2289"},{"taxonomy":"post_tag","embeddable":true,"href":"https:\/\/centralmedia.rs\/index.php\/wp-json\/wp\/v2\/tags?post=2289"}],"curies":[{"name":"wp","href":"https:\/\/api.w.org\/{rel}","templated":true}]}}