{"id":22930,"date":"2020-03-23T19:12:23","date_gmt":"2020-03-23T19:12:23","guid":{"rendered":"http:\/\/centralmedia.rs\/?p=22930"},"modified":"2020-04-02T15:45:49","modified_gmt":"2020-04-02T15:45:49","slug":"radno-vreme-i-civilna-zastita-u-svilajncu","status":"publish","type":"post","link":"https:\/\/centralmedia.rs\/index.php\/2020\/03\/23\/radno-vreme-i-civilna-zastita-u-svilajncu\/","title":{"rendered":"RADNO VREME I CIVILNA ZA\u0160TITA U SVILAJNCU"},"content":{"rendered":"<p>SVILAJNAC- Na sednici \u0160taba za vanredne situacije op\u0161tine Svilajnac donete su slede\u0107e Naredbe:<br \/>\n1. Naredba o utvr\u0111ivanju radnog vremena svih pravnih subjekata na teritoriji op\u0161tine Svilajnac do 16 \u010dasova, po\u010dev od 22. marta 2020. godine, osim subjekata za koje je utvr\u0111ena radna obaveza u vreme vanrednog stanja.<br \/>\n2. Naredba o utvr\u0111ivanju radnog vremena sa potro\u0161a\u010dima svih maloprodajnih objekata\u00a0na teritoriji op\u0161tine Svilajnac, po\u010dev od 22. marta 2020. godine, na slede\u0107i na\u010din:<br \/>\n1. Ponedeljak \u2013 subota od 07.00 do 16.00 \u010dasova;<br \/>\n2. Nedeljom od 08.00 do 16.00 \u010dasova;<br \/>\n3. Nedeljom od 04.00 do 07.00 \u010dasova isklju\u010divo za gra\u0111ane starije od 65 godina.<br \/>\nRad logisti\u010dkih centara i snabdevanje objekata mo\u017ee da se obavlja celodnevno u skladu sa procedurama koje defini\u0161u kretanje lica i posebne radne naloge za zaposlena lica.<br \/>\nBroj potro\u0161a\u010da u maloprodajnim objektima mo\u017ee biti jedan potro\u0161a\u010d na \u010detiri kvadratna metra uz po\u0161tovanje op\u0161tih mera prevencije i fizi\u010dke udaljenosti, a u skladu sa merama Vlade Republike Srbije.<br \/>\n3. Naredba o zabrani boravka u svim parkovima i javnim povr\u0161inama namenjenima za rekreaciju i sport na teritoriji op\u0161tine Svilajnac, po\u010dev od 22. marta 2020. godine.<\/p>\n<p>Na osnovu odluke predsednika op\u0161tine Svilajnac Predraga Milanovi\u0107a, podeljena je oprema \u010dlanovima odreda Civilne za\u0161tite. Njihov zadatak u narednom periodu bi\u0107e isporuka namirnica, lekova i dezinfekcionih sredstava najstarijim sugra\u0111anima na teritoriji cele op\u0161tine Svilajnac. Civilnu za\u0161titu \u010dini 30 \u010dlanova iz grada i sela i oni su danas zadu\u017eili svu potrebnu opremu koja \u0107e im omogu\u0107iti izvr\u0161enje zadataka.<\/p>\n","protected":false},"excerpt":{"rendered":"<p>SVILAJNAC- Na sednici \u0160taba za vanredne situacije op\u0161tine Svilajnac donete su slede\u0107e Naredbe: 1. Naredba o utvr\u0111ivanju radnog vremena svih pravnih subjekata na teritoriji op\u0161tine &hellip; <\/p>\n","protected":false},"author":2,"featured_media":22931,"comment_status":"open","ping_status":"open","sticky":false,"template":"","format":"standard","meta":{"footnotes":""},"categories":[14,1524,2,12,1517],"tags":[2395,4496,38],"_links":{"self":[{"href":"https:\/\/centralmedia.rs\/index.php\/wp-json\/wp\/v2\/posts\/22930"}],"collection":[{"href":"https:\/\/centralmedia.rs\/index.php\/wp-json\/wp\/v2\/posts"}],"about":[{"href":"https:\/\/centralmedia.rs\/index.php\/wp-json\/wp\/v2\/types\/post"}],"author":[{"embeddable":true,"href":"https:\/\/centralmedia.rs\/index.php\/wp-json\/wp\/v2\/users\/2"}],"replies":[{"embeddable":true,"href":"https:\/\/centralmedia.rs\/index.php\/wp-json\/wp\/v2\/comments?post=22930"}],"version-history":[{"count":1,"href":"https:\/\/centralmedia.rs\/index.php\/wp-json\/wp\/v2\/posts\/22930\/revisions"}],"predecessor-version":[{"id":22932,"href":"https:\/\/centralmedia.rs\/index.php\/wp-json\/wp\/v2\/posts\/22930\/revisions\/22932"}],"wp:featuredmedia":[{"embeddable":true,"href":"https:\/\/centralmedia.rs\/index.php\/wp-json\/wp\/v2\/media\/22931"}],"wp:attachment":[{"href":"https:\/\/centralmedia.rs\/index.php\/wp-json\/wp\/v2\/media?parent=22930"}],"wp:term":[{"taxonomy":"category","embeddable":true,"href":"https:\/\/centralmedia.rs\/index.php\/wp-json\/wp\/v2\/categories?post=22930"},{"taxonomy":"post_tag","embeddable":true,"href":"https:\/\/centralmedia.rs\/index.php\/wp-json\/wp\/v2\/tags?post=22930"}],"curies":[{"name":"wp","href":"https:\/\/api.w.org\/{rel}","templated":true}]}}