{"id":22957,"date":"2020-03-24T15:11:03","date_gmt":"2020-03-24T15:11:03","guid":{"rendered":"http:\/\/centralmedia.rs\/?p=22957"},"modified":"2020-04-02T15:47:14","modified_gmt":"2020-04-02T15:47:14","slug":"u-pomoravskom-okrugu-pod-nadzorom-860-lica-na-infektivnom-odeljenju-19-lica","status":"publish","type":"post","link":"https:\/\/centralmedia.rs\/index.php\/2020\/03\/24\/u-pomoravskom-okrugu-pod-nadzorom-860-lica-na-infektivnom-odeljenju-19-lica\/","title":{"rendered":"U POMORAVSKOM OKRUGU POD NADZOROM 860 LICA &#8211; NA INFEKTIVNOM ODELJENJU 19 LICA"},"content":{"rendered":"<p>\u0106UPRIJA- Predsednik op\u0161tine \u0106uprija Ninoslav Eri\u0107 izjavio je RTV Vojvodina govore\u0107i o zarazi novim korona virusom covid-19 da je 19 lica na Infektivnom odeljenu Op\u0161te bolnice u tom gradu.<\/p>\n<p>&#8211; 860 lica u Pomoravskom okrugu je pod nadzorom, jer su do\u0161li iz inostranstva, 71 lice u karantinu prvog reda. Obolelo je 11 lica, 7 iz \u0106uprije, 2 iz Para\u0107ina i po jedno lice iz Svilajnca i Rekovca, rekao je Eri\u0107 za RTV Vojvodina.<\/p>\n<p>Iz Zavoda za javno zdravlje nema informacija o broju zara\u017eenih lica.<\/p>\n","protected":false},"excerpt":{"rendered":"<p>\u0106UPRIJA- Predsednik op\u0161tine \u0106uprija Ninoslav Eri\u0107 izjavio je RTV Vojvodina govore\u0107i o zarazi novim korona virusom covid-19 da je 19 lica na Infektivnom odeljenu Op\u0161te &hellip; <\/p>\n","protected":false},"author":2,"featured_media":22958,"comment_status":"open","ping_status":"open","sticky":false,"template":"","format":"standard","meta":{"footnotes":""},"categories":[1515,14,1524,2,12],"tags":[4441,189,945,4486],"_links":{"self":[{"href":"https:\/\/centralmedia.rs\/index.php\/wp-json\/wp\/v2\/posts\/22957"}],"collection":[{"href":"https:\/\/centralmedia.rs\/index.php\/wp-json\/wp\/v2\/posts"}],"about":[{"href":"https:\/\/centralmedia.rs\/index.php\/wp-json\/wp\/v2\/types\/post"}],"author":[{"embeddable":true,"href":"https:\/\/centralmedia.rs\/index.php\/wp-json\/wp\/v2\/users\/2"}],"replies":[{"embeddable":true,"href":"https:\/\/centralmedia.rs\/index.php\/wp-json\/wp\/v2\/comments?post=22957"}],"version-history":[{"count":3,"href":"https:\/\/centralmedia.rs\/index.php\/wp-json\/wp\/v2\/posts\/22957\/revisions"}],"predecessor-version":[{"id":22970,"href":"https:\/\/centralmedia.rs\/index.php\/wp-json\/wp\/v2\/posts\/22957\/revisions\/22970"}],"wp:featuredmedia":[{"embeddable":true,"href":"https:\/\/centralmedia.rs\/index.php\/wp-json\/wp\/v2\/media\/22958"}],"wp:attachment":[{"href":"https:\/\/centralmedia.rs\/index.php\/wp-json\/wp\/v2\/media?parent=22957"}],"wp:term":[{"taxonomy":"category","embeddable":true,"href":"https:\/\/centralmedia.rs\/index.php\/wp-json\/wp\/v2\/categories?post=22957"},{"taxonomy":"post_tag","embeddable":true,"href":"https:\/\/centralmedia.rs\/index.php\/wp-json\/wp\/v2\/tags?post=22957"}],"curies":[{"name":"wp","href":"https:\/\/api.w.org\/{rel}","templated":true}]}}