{"id":22965,"date":"2020-03-24T16:00:27","date_gmt":"2020-03-24T16:00:27","guid":{"rendered":"http:\/\/centralmedia.rs\/?p=22965"},"modified":"2020-04-02T15:47:39","modified_gmt":"2020-04-02T15:47:39","slug":"u-paracinu-obelezena-21-godisnjica-nato-bombardovanja","status":"publish","type":"post","link":"https:\/\/centralmedia.rs\/index.php\/2020\/03\/24\/u-paracinu-obelezena-21-godisnjica-nato-bombardovanja\/","title":{"rendered":"U PARA\u0106INU OBELE\u017dENA 21. GODI\u0160NJICA NATO BOMBARDOVANJA"},"content":{"rendered":"<p>PARA\u0106IN- Povodom 21. godi\u0161njice po\u010detka NATO bombardovanja Srbije danas je predsednik op\u0161tine Para\u0107in Sa\u0161a PAunovi\u0107 sa saradnicima polo\u017eio venac na spomenik u parku kod srednjo\u0161kolskog centra u znak se\u0107anja na stradale u ratovima devedestih godina pro\u0161log veka.<\/p>\n<p><img loading=\"lazy\" decoding=\"async\" class=\"alignnone wp-image-22967 size-full\" src=\"http:\/\/centralmedia.rs\/wp-content\/uploads\/2020\/03\/nato-bomb.jpg\" alt=\"\" width=\"828\" height=\"431\" srcset=\"https:\/\/centralmedia.rs\/wp-content\/uploads\/2020\/03\/nato-bomb.jpg 828w, https:\/\/centralmedia.rs\/wp-content\/uploads\/2020\/03\/nato-bomb-300x156.jpg 300w, https:\/\/centralmedia.rs\/wp-content\/uploads\/2020\/03\/nato-bomb-768x400.jpg 768w, https:\/\/centralmedia.rs\/wp-content\/uploads\/2020\/03\/nato-bomb-807x420.jpg 807w, https:\/\/centralmedia.rs\/wp-content\/uploads\/2020\/03\/nato-bomb-640x333.jpg 640w, https:\/\/centralmedia.rs\/wp-content\/uploads\/2020\/03\/nato-bomb-681x354.jpg 681w\" sizes=\"(max-width: 828px) 100vw, 828px\" \/><\/p>\n","protected":false},"excerpt":{"rendered":"<p>PARA\u0106IN- Povodom 21. godi\u0161njice po\u010detka NATO bombardovanja Srbije danas je predsednik op\u0161tine Para\u0107in Sa\u0161a PAunovi\u0107 sa saradnicima polo\u017eio venac na spomenik u parku kod srednjo\u0161kolskog &hellip; <\/p>\n","protected":false},"author":2,"featured_media":22966,"comment_status":"open","ping_status":"open","sticky":false,"template":"","format":"standard","meta":{"footnotes":""},"categories":[14,1524,2,1516,887,12],"tags":[4504,156,4505],"_links":{"self":[{"href":"https:\/\/centralmedia.rs\/index.php\/wp-json\/wp\/v2\/posts\/22965"}],"collection":[{"href":"https:\/\/centralmedia.rs\/index.php\/wp-json\/wp\/v2\/posts"}],"about":[{"href":"https:\/\/centralmedia.rs\/index.php\/wp-json\/wp\/v2\/types\/post"}],"author":[{"embeddable":true,"href":"https:\/\/centralmedia.rs\/index.php\/wp-json\/wp\/v2\/users\/2"}],"replies":[{"embeddable":true,"href":"https:\/\/centralmedia.rs\/index.php\/wp-json\/wp\/v2\/comments?post=22965"}],"version-history":[{"count":1,"href":"https:\/\/centralmedia.rs\/index.php\/wp-json\/wp\/v2\/posts\/22965\/revisions"}],"predecessor-version":[{"id":22968,"href":"https:\/\/centralmedia.rs\/index.php\/wp-json\/wp\/v2\/posts\/22965\/revisions\/22968"}],"wp:featuredmedia":[{"embeddable":true,"href":"https:\/\/centralmedia.rs\/index.php\/wp-json\/wp\/v2\/media\/22966"}],"wp:attachment":[{"href":"https:\/\/centralmedia.rs\/index.php\/wp-json\/wp\/v2\/media?parent=22965"}],"wp:term":[{"taxonomy":"category","embeddable":true,"href":"https:\/\/centralmedia.rs\/index.php\/wp-json\/wp\/v2\/categories?post=22965"},{"taxonomy":"post_tag","embeddable":true,"href":"https:\/\/centralmedia.rs\/index.php\/wp-json\/wp\/v2\/tags?post=22965"}],"curies":[{"name":"wp","href":"https:\/\/api.w.org\/{rel}","templated":true}]}}