{"id":22977,"date":"2020-03-24T18:44:23","date_gmt":"2020-03-24T18:44:23","guid":{"rendered":"http:\/\/centralmedia.rs\/?p=22977"},"modified":"2020-04-02T15:50:26","modified_gmt":"2020-04-02T15:50:26","slug":"izgradnja-kanalizacije-u-tekiji","status":"publish","type":"post","link":"https:\/\/centralmedia.rs\/index.php\/2020\/03\/24\/izgradnja-kanalizacije-u-tekiji\/","title":{"rendered":"IZGRADNJA KANALIZACIJE U TEKIJI"},"content":{"rendered":"<p>PARA\u0106IN- Kako je i obe\u0107ano u Tekiji u Para\u0107inu je nastavljena izgradnja kanalizacije. Re\u010d je o poslovima koji su dogovoreni na zborovima \u00a0koji \u0107e se realizovati tokokom \u010ditave godine.<\/p>\n<div id='gallery-1' class='gallery galleryid-22977 gallery-columns-3 gallery-size-full'><figure class='gallery-item'>\n\t\t\t<div class='gallery-icon landscape'>\n\t\t\t\t<a href='https:\/\/centralmedia.rs\/index.php\/2020\/03\/24\/izgradnja-kanalizacije-u-tekiji\/tekija-2\/'><img loading=\"lazy\" decoding=\"async\" width=\"1312\" height=\"640\" src=\"https:\/\/centralmedia.rs\/wp-content\/uploads\/2020\/03\/tekija.jpg\" class=\"attachment-full size-full\" alt=\"\" srcset=\"https:\/\/centralmedia.rs\/wp-content\/uploads\/2020\/03\/tekija.jpg 1312w, https:\/\/centralmedia.rs\/wp-content\/uploads\/2020\/03\/tekija-300x146.jpg 300w, https:\/\/centralmedia.rs\/wp-content\/uploads\/2020\/03\/tekija-768x375.jpg 768w, https:\/\/centralmedia.rs\/wp-content\/uploads\/2020\/03\/tekija-1024x500.jpg 1024w, https:\/\/centralmedia.rs\/wp-content\/uploads\/2020\/03\/tekija-861x420.jpg 861w, https:\/\/centralmedia.rs\/wp-content\/uploads\/2020\/03\/tekija-640x312.jpg 640w, https:\/\/centralmedia.rs\/wp-content\/uploads\/2020\/03\/tekija-681x332.jpg 681w\" sizes=\"(max-width: 1312px) 100vw, 1312px\" \/><\/a>\n\t\t\t<\/div><\/figure><figure class='gallery-item'>\n\t\t\t<div class='gallery-icon landscape'>\n\t\t\t\t<a href='https:\/\/centralmedia.rs\/index.php\/2020\/03\/24\/izgradnja-kanalizacije-u-tekiji\/tekija1\/'><img loading=\"lazy\" decoding=\"async\" width=\"2048\" height=\"1152\" src=\"https:\/\/centralmedia.rs\/wp-content\/uploads\/2020\/03\/tekija1.jpg\" class=\"attachment-full size-full\" alt=\"\" srcset=\"https:\/\/centralmedia.rs\/wp-content\/uploads\/2020\/03\/tekija1.jpg 2048w, https:\/\/centralmedia.rs\/wp-content\/uploads\/2020\/03\/tekija1-300x169.jpg 300w, https:\/\/centralmedia.rs\/wp-content\/uploads\/2020\/03\/tekija1-768x432.jpg 768w, https:\/\/centralmedia.rs\/wp-content\/uploads\/2020\/03\/tekija1-1024x576.jpg 1024w, https:\/\/centralmedia.rs\/wp-content\/uploads\/2020\/03\/tekija1-747x420.jpg 747w, https:\/\/centralmedia.rs\/wp-content\/uploads\/2020\/03\/tekija1-640x360.jpg 640w, https:\/\/centralmedia.rs\/wp-content\/uploads\/2020\/03\/tekija1-681x383.jpg 681w\" sizes=\"(max-width: 2048px) 100vw, 2048px\" \/><\/a>\n\t\t\t<\/div><\/figure><figure class='gallery-item'>\n\t\t\t<div class='gallery-icon landscape'>\n\t\t\t\t<a href='https:\/\/centralmedia.rs\/index.php\/2020\/03\/24\/izgradnja-kanalizacije-u-tekiji\/tekija2\/'><img loading=\"lazy\" decoding=\"async\" width=\"2048\" height=\"1152\" src=\"https:\/\/centralmedia.rs\/wp-content\/uploads\/2020\/03\/tekija2.jpg\" class=\"attachment-full size-full\" alt=\"\" srcset=\"https:\/\/centralmedia.rs\/wp-content\/uploads\/2020\/03\/tekija2.jpg 2048w, https:\/\/centralmedia.rs\/wp-content\/uploads\/2020\/03\/tekija2-300x169.jpg 300w, https:\/\/centralmedia.rs\/wp-content\/uploads\/2020\/03\/tekija2-768x432.jpg 768w, https:\/\/centralmedia.rs\/wp-content\/uploads\/2020\/03\/tekija2-1024x576.jpg 1024w, https:\/\/centralmedia.rs\/wp-content\/uploads\/2020\/03\/tekija2-747x420.jpg 747w, https:\/\/centralmedia.rs\/wp-content\/uploads\/2020\/03\/tekija2-640x360.jpg 640w, https:\/\/centralmedia.rs\/wp-content\/uploads\/2020\/03\/tekija2-681x383.jpg 681w\" sizes=\"(max-width: 2048px) 100vw, 2048px\" \/><\/a>\n\t\t\t<\/div><\/figure>\n\t\t<\/div>\n\n","protected":false},"excerpt":{"rendered":"<p>PARA\u0106IN- Kako je i obe\u0107ano u Tekiji u Para\u0107inu je nastavljena izgradnja kanalizacije. Re\u010d je o poslovima koji su dogovoreni na zborovima \u00a0koji \u0107e se &hellip; <\/p>\n","protected":false},"author":2,"featured_media":22978,"comment_status":"open","ping_status":"open","sticky":false,"template":"","format":"standard","meta":{"footnotes":""},"categories":[1524,2,1516,887,16,12],"tags":[3836,156,4506],"_links":{"self":[{"href":"https:\/\/centralmedia.rs\/index.php\/wp-json\/wp\/v2\/posts\/22977"}],"collection":[{"href":"https:\/\/centralmedia.rs\/index.php\/wp-json\/wp\/v2\/posts"}],"about":[{"href":"https:\/\/centralmedia.rs\/index.php\/wp-json\/wp\/v2\/types\/post"}],"author":[{"embeddable":true,"href":"https:\/\/centralmedia.rs\/index.php\/wp-json\/wp\/v2\/users\/2"}],"replies":[{"embeddable":true,"href":"https:\/\/centralmedia.rs\/index.php\/wp-json\/wp\/v2\/comments?post=22977"}],"version-history":[{"count":1,"href":"https:\/\/centralmedia.rs\/index.php\/wp-json\/wp\/v2\/posts\/22977\/revisions"}],"predecessor-version":[{"id":22982,"href":"https:\/\/centralmedia.rs\/index.php\/wp-json\/wp\/v2\/posts\/22977\/revisions\/22982"}],"wp:featuredmedia":[{"embeddable":true,"href":"https:\/\/centralmedia.rs\/index.php\/wp-json\/wp\/v2\/media\/22978"}],"wp:attachment":[{"href":"https:\/\/centralmedia.rs\/index.php\/wp-json\/wp\/v2\/media?parent=22977"}],"wp:term":[{"taxonomy":"category","embeddable":true,"href":"https:\/\/centralmedia.rs\/index.php\/wp-json\/wp\/v2\/categories?post=22977"},{"taxonomy":"post_tag","embeddable":true,"href":"https:\/\/centralmedia.rs\/index.php\/wp-json\/wp\/v2\/tags?post=22977"}],"curies":[{"name":"wp","href":"https:\/\/api.w.org\/{rel}","templated":true}]}}