{"id":22983,"date":"2020-03-24T18:52:50","date_gmt":"2020-03-24T18:52:50","guid":{"rendered":"http:\/\/centralmedia.rs\/?p=22983"},"modified":"2020-04-02T15:50:18","modified_gmt":"2020-04-02T15:50:18","slug":"decije-igraliste-u-rasevici","status":"publish","type":"post","link":"https:\/\/centralmedia.rs\/index.php\/2020\/03\/24\/decije-igraliste-u-rasevici\/","title":{"rendered":"DE\u010cIJE IGRALI\u0160TE U RA\u0160EVICI"},"content":{"rendered":"<p>PARA\u0106IN-Para\u0107inska lokalna samiuprava ispunjava se jo\u0161 jedno obe\u0107anje, u Ra\u0161evici se ure\u0111uje prostor ispred Doma kulture i gradi novo de\u010dije igrali\u0161te. Re\u010d je o jednom od vi\u0161e de\u010dijih igrali\u0161ta koja se grade u gradu i selima. U Ra\u0161evici se gradi rezervoar iz koga \u0107e se vodom snabdevati prekomoravska sela.<\/p>\n<div id='gallery-1' class='gallery galleryid-22983 gallery-columns-3 gallery-size-full'><figure class='gallery-item'>\n\t\t\t<div class='gallery-icon landscape'>\n\t\t\t\t<a href='https:\/\/centralmedia.rs\/index.php\/2020\/03\/24\/decije-igraliste-u-rasevici\/rasevica1-3\/'><img loading=\"lazy\" decoding=\"async\" width=\"2048\" height=\"1152\" src=\"https:\/\/centralmedia.rs\/wp-content\/uploads\/2020\/03\/rasevica1.jpg\" class=\"attachment-full size-full\" alt=\"\" srcset=\"https:\/\/centralmedia.rs\/wp-content\/uploads\/2020\/03\/rasevica1.jpg 2048w, https:\/\/centralmedia.rs\/wp-content\/uploads\/2020\/03\/rasevica1-300x169.jpg 300w, https:\/\/centralmedia.rs\/wp-content\/uploads\/2020\/03\/rasevica1-768x432.jpg 768w, https:\/\/centralmedia.rs\/wp-content\/uploads\/2020\/03\/rasevica1-1024x576.jpg 1024w, https:\/\/centralmedia.rs\/wp-content\/uploads\/2020\/03\/rasevica1-747x420.jpg 747w, https:\/\/centralmedia.rs\/wp-content\/uploads\/2020\/03\/rasevica1-640x360.jpg 640w, https:\/\/centralmedia.rs\/wp-content\/uploads\/2020\/03\/rasevica1-681x383.jpg 681w\" sizes=\"(max-width: 2048px) 100vw, 2048px\" \/><\/a>\n\t\t\t<\/div><\/figure><figure class='gallery-item'>\n\t\t\t<div class='gallery-icon landscape'>\n\t\t\t\t<a href='https:\/\/centralmedia.rs\/index.php\/2020\/03\/24\/decije-igraliste-u-rasevici\/rasevica2-2\/'><img loading=\"lazy\" decoding=\"async\" width=\"1312\" height=\"640\" src=\"https:\/\/centralmedia.rs\/wp-content\/uploads\/2020\/03\/rasevica2.jpg\" class=\"attachment-full size-full\" alt=\"\" srcset=\"https:\/\/centralmedia.rs\/wp-content\/uploads\/2020\/03\/rasevica2.jpg 1312w, https:\/\/centralmedia.rs\/wp-content\/uploads\/2020\/03\/rasevica2-300x146.jpg 300w, https:\/\/centralmedia.rs\/wp-content\/uploads\/2020\/03\/rasevica2-768x375.jpg 768w, https:\/\/centralmedia.rs\/wp-content\/uploads\/2020\/03\/rasevica2-1024x500.jpg 1024w, https:\/\/centralmedia.rs\/wp-content\/uploads\/2020\/03\/rasevica2-861x420.jpg 861w, https:\/\/centralmedia.rs\/wp-content\/uploads\/2020\/03\/rasevica2-640x312.jpg 640w, https:\/\/centralmedia.rs\/wp-content\/uploads\/2020\/03\/rasevica2-681x332.jpg 681w\" sizes=\"(max-width: 1312px) 100vw, 1312px\" \/><\/a>\n\t\t\t<\/div><\/figure><figure class='gallery-item'>\n\t\t\t<div class='gallery-icon landscape'>\n\t\t\t\t<a href='https:\/\/centralmedia.rs\/index.php\/2020\/03\/24\/decije-igraliste-u-rasevici\/rasevica3-2\/'><img loading=\"lazy\" decoding=\"async\" width=\"2048\" height=\"1152\" src=\"https:\/\/centralmedia.rs\/wp-content\/uploads\/2020\/03\/rasevica3.jpg\" class=\"attachment-full size-full\" alt=\"\" srcset=\"https:\/\/centralmedia.rs\/wp-content\/uploads\/2020\/03\/rasevica3.jpg 2048w, https:\/\/centralmedia.rs\/wp-content\/uploads\/2020\/03\/rasevica3-300x169.jpg 300w, https:\/\/centralmedia.rs\/wp-content\/uploads\/2020\/03\/rasevica3-768x432.jpg 768w, https:\/\/centralmedia.rs\/wp-content\/uploads\/2020\/03\/rasevica3-1024x576.jpg 1024w, https:\/\/centralmedia.rs\/wp-content\/uploads\/2020\/03\/rasevica3-747x420.jpg 747w, https:\/\/centralmedia.rs\/wp-content\/uploads\/2020\/03\/rasevica3-640x360.jpg 640w, https:\/\/centralmedia.rs\/wp-content\/uploads\/2020\/03\/rasevica3-681x383.jpg 681w\" sizes=\"(max-width: 2048px) 100vw, 2048px\" \/><\/a>\n\t\t\t<\/div><\/figure>\n\t\t<\/div>\n\n","protected":false},"excerpt":{"rendered":"<p>PARA\u0106IN-Para\u0107inska lokalna samiuprava ispunjava se jo\u0161 jedno obe\u0107anje, u Ra\u0161evici se ure\u0111uje prostor ispred Doma kulture i gradi novo de\u010dije igrali\u0161te. Re\u010d je o jednom &hellip; <\/p>\n","protected":false},"author":2,"featured_media":22984,"comment_status":"open","ping_status":"open","sticky":false,"template":"","format":"standard","meta":{"footnotes":""},"categories":[1524,2,1516,887,16,12],"tags":[4507,156,2655],"_links":{"self":[{"href":"https:\/\/centralmedia.rs\/index.php\/wp-json\/wp\/v2\/posts\/22983"}],"collection":[{"href":"https:\/\/centralmedia.rs\/index.php\/wp-json\/wp\/v2\/posts"}],"about":[{"href":"https:\/\/centralmedia.rs\/index.php\/wp-json\/wp\/v2\/types\/post"}],"author":[{"embeddable":true,"href":"https:\/\/centralmedia.rs\/index.php\/wp-json\/wp\/v2\/users\/2"}],"replies":[{"embeddable":true,"href":"https:\/\/centralmedia.rs\/index.php\/wp-json\/wp\/v2\/comments?post=22983"}],"version-history":[{"count":1,"href":"https:\/\/centralmedia.rs\/index.php\/wp-json\/wp\/v2\/posts\/22983\/revisions"}],"predecessor-version":[{"id":22988,"href":"https:\/\/centralmedia.rs\/index.php\/wp-json\/wp\/v2\/posts\/22983\/revisions\/22988"}],"wp:featuredmedia":[{"embeddable":true,"href":"https:\/\/centralmedia.rs\/index.php\/wp-json\/wp\/v2\/media\/22984"}],"wp:attachment":[{"href":"https:\/\/centralmedia.rs\/index.php\/wp-json\/wp\/v2\/media?parent=22983"}],"wp:term":[{"taxonomy":"category","embeddable":true,"href":"https:\/\/centralmedia.rs\/index.php\/wp-json\/wp\/v2\/categories?post=22983"},{"taxonomy":"post_tag","embeddable":true,"href":"https:\/\/centralmedia.rs\/index.php\/wp-json\/wp\/v2\/tags?post=22983"}],"curies":[{"name":"wp","href":"https:\/\/api.w.org\/{rel}","templated":true}]}}