{"id":22989,"date":"2020-03-24T18:55:58","date_gmt":"2020-03-24T18:55:58","guid":{"rendered":"http:\/\/centralmedia.rs\/?p=22989"},"modified":"2020-04-02T15:50:12","modified_gmt":"2020-04-02T15:50:12","slug":"uredenje-ulica","status":"publish","type":"post","link":"https:\/\/centralmedia.rs\/index.php\/2020\/03\/24\/uredenje-ulica\/","title":{"rendered":"URE\u0110ENJE ULICA"},"content":{"rendered":"<p>PARA\u0106IN-U para\u0107inskom naselju ,,Carice Milice sever&#8221; u Jagodnja\u010dkoj ulici nasipan rezani asfalt. Re\u010d je o \u00a0aktivnostima ugovorenim i zapo\u010detim pre uvo\u0111enja vanrednog stanja.<\/p>\n<div id='gallery-1' class='gallery galleryid-22989 gallery-columns-3 gallery-size-full'><figure class='gallery-item'>\n\t\t\t<div class='gallery-icon landscape'>\n\t\t\t\t<a href='https:\/\/centralmedia.rs\/index.php\/2020\/03\/24\/uredenje-ulica\/jagodnjacka-ulica1\/'><img loading=\"lazy\" decoding=\"async\" width=\"1600\" height=\"900\" src=\"https:\/\/centralmedia.rs\/wp-content\/uploads\/2020\/03\/jagodnjacka-ulica1.jpg\" class=\"attachment-full size-full\" alt=\"\" srcset=\"https:\/\/centralmedia.rs\/wp-content\/uploads\/2020\/03\/jagodnjacka-ulica1.jpg 1600w, https:\/\/centralmedia.rs\/wp-content\/uploads\/2020\/03\/jagodnjacka-ulica1-300x169.jpg 300w, https:\/\/centralmedia.rs\/wp-content\/uploads\/2020\/03\/jagodnjacka-ulica1-768x432.jpg 768w, https:\/\/centralmedia.rs\/wp-content\/uploads\/2020\/03\/jagodnjacka-ulica1-1024x576.jpg 1024w, https:\/\/centralmedia.rs\/wp-content\/uploads\/2020\/03\/jagodnjacka-ulica1-747x420.jpg 747w, https:\/\/centralmedia.rs\/wp-content\/uploads\/2020\/03\/jagodnjacka-ulica1-640x360.jpg 640w, https:\/\/centralmedia.rs\/wp-content\/uploads\/2020\/03\/jagodnjacka-ulica1-681x383.jpg 681w\" sizes=\"(max-width: 1600px) 100vw, 1600px\" \/><\/a>\n\t\t\t<\/div><\/figure><figure class='gallery-item'>\n\t\t\t<div class='gallery-icon landscape'>\n\t\t\t\t<a href='https:\/\/centralmedia.rs\/index.php\/2020\/03\/24\/uredenje-ulica\/jagodnjacka-ulica2\/'><img loading=\"lazy\" decoding=\"async\" width=\"1600\" height=\"900\" src=\"https:\/\/centralmedia.rs\/wp-content\/uploads\/2020\/03\/jagodnjacka-ulica2.jpg\" class=\"attachment-full size-full\" alt=\"\" srcset=\"https:\/\/centralmedia.rs\/wp-content\/uploads\/2020\/03\/jagodnjacka-ulica2.jpg 1600w, https:\/\/centralmedia.rs\/wp-content\/uploads\/2020\/03\/jagodnjacka-ulica2-300x169.jpg 300w, https:\/\/centralmedia.rs\/wp-content\/uploads\/2020\/03\/jagodnjacka-ulica2-768x432.jpg 768w, https:\/\/centralmedia.rs\/wp-content\/uploads\/2020\/03\/jagodnjacka-ulica2-1024x576.jpg 1024w, https:\/\/centralmedia.rs\/wp-content\/uploads\/2020\/03\/jagodnjacka-ulica2-747x420.jpg 747w, https:\/\/centralmedia.rs\/wp-content\/uploads\/2020\/03\/jagodnjacka-ulica2-640x360.jpg 640w, https:\/\/centralmedia.rs\/wp-content\/uploads\/2020\/03\/jagodnjacka-ulica2-681x383.jpg 681w\" sizes=\"(max-width: 1600px) 100vw, 1600px\" \/><\/a>\n\t\t\t<\/div><\/figure><figure class='gallery-item'>\n\t\t\t<div class='gallery-icon landscape'>\n\t\t\t\t<a href='https:\/\/centralmedia.rs\/index.php\/2020\/03\/24\/uredenje-ulica\/jagodnjacka-ulica3\/'><img loading=\"lazy\" decoding=\"async\" width=\"1600\" height=\"900\" src=\"https:\/\/centralmedia.rs\/wp-content\/uploads\/2020\/03\/jagodnjacka-ulica3.jpg\" class=\"attachment-full size-full\" alt=\"\" srcset=\"https:\/\/centralmedia.rs\/wp-content\/uploads\/2020\/03\/jagodnjacka-ulica3.jpg 1600w, https:\/\/centralmedia.rs\/wp-content\/uploads\/2020\/03\/jagodnjacka-ulica3-300x169.jpg 300w, https:\/\/centralmedia.rs\/wp-content\/uploads\/2020\/03\/jagodnjacka-ulica3-768x432.jpg 768w, https:\/\/centralmedia.rs\/wp-content\/uploads\/2020\/03\/jagodnjacka-ulica3-1024x576.jpg 1024w, https:\/\/centralmedia.rs\/wp-content\/uploads\/2020\/03\/jagodnjacka-ulica3-747x420.jpg 747w, https:\/\/centralmedia.rs\/wp-content\/uploads\/2020\/03\/jagodnjacka-ulica3-640x360.jpg 640w, https:\/\/centralmedia.rs\/wp-content\/uploads\/2020\/03\/jagodnjacka-ulica3-681x383.jpg 681w\" sizes=\"(max-width: 1600px) 100vw, 1600px\" \/><\/a>\n\t\t\t<\/div><\/figure>\n\t\t<\/div>\n\n","protected":false},"excerpt":{"rendered":"<p>PARA\u0106IN-U para\u0107inskom naselju ,,Carice Milice sever&#8221; u Jagodnja\u010dkoj ulici nasipan rezani asfalt. Re\u010d je o \u00a0aktivnostima ugovorenim i zapo\u010detim pre uvo\u0111enja vanrednog stanja.<\/p>\n","protected":false},"author":2,"featured_media":22990,"comment_status":"open","ping_status":"open","sticky":false,"template":"","format":"standard","meta":{"footnotes":""},"categories":[1524,2,1516,887,16,12],"tags":[4509,156,4508],"_links":{"self":[{"href":"https:\/\/centralmedia.rs\/index.php\/wp-json\/wp\/v2\/posts\/22989"}],"collection":[{"href":"https:\/\/centralmedia.rs\/index.php\/wp-json\/wp\/v2\/posts"}],"about":[{"href":"https:\/\/centralmedia.rs\/index.php\/wp-json\/wp\/v2\/types\/post"}],"author":[{"embeddable":true,"href":"https:\/\/centralmedia.rs\/index.php\/wp-json\/wp\/v2\/users\/2"}],"replies":[{"embeddable":true,"href":"https:\/\/centralmedia.rs\/index.php\/wp-json\/wp\/v2\/comments?post=22989"}],"version-history":[{"count":1,"href":"https:\/\/centralmedia.rs\/index.php\/wp-json\/wp\/v2\/posts\/22989\/revisions"}],"predecessor-version":[{"id":22994,"href":"https:\/\/centralmedia.rs\/index.php\/wp-json\/wp\/v2\/posts\/22989\/revisions\/22994"}],"wp:featuredmedia":[{"embeddable":true,"href":"https:\/\/centralmedia.rs\/index.php\/wp-json\/wp\/v2\/media\/22990"}],"wp:attachment":[{"href":"https:\/\/centralmedia.rs\/index.php\/wp-json\/wp\/v2\/media?parent=22989"}],"wp:term":[{"taxonomy":"category","embeddable":true,"href":"https:\/\/centralmedia.rs\/index.php\/wp-json\/wp\/v2\/categories?post=22989"},{"taxonomy":"post_tag","embeddable":true,"href":"https:\/\/centralmedia.rs\/index.php\/wp-json\/wp\/v2\/tags?post=22989"}],"curies":[{"name":"wp","href":"https:\/\/api.w.org\/{rel}","templated":true}]}}