{"id":2302,"date":"2016-03-08T22:46:04","date_gmt":"2016-03-08T22:46:04","guid":{"rendered":"http:\/\/centralmedia.rs\/?p=2302"},"modified":"2016-03-08T22:46:04","modified_gmt":"2016-03-08T22:46:04","slug":"balkanski-kros-odlozen-za-oktobar","status":"publish","type":"post","link":"https:\/\/centralmedia.rs\/index.php\/2016\/03\/08\/balkanski-kros-odlozen-za-oktobar\/","title":{"rendered":"BALKANSKI KROS ODLO\u017dEN ZA OKTOBAR"},"content":{"rendered":"<p>\u0106UPRIJA-Zbog nestabilnih vremenskih uslova jubilarni 60. Balkanski kros u \u0106upriji odlo\u017een je za oktobar ove godine, izjavio je predsednik Sportskog saveza te op\u0161tine Vladimir Vasiljevi\u0107.  Na krosu je bilo najavljeno u\u010de\u0161\u0107e 450 takmi\u010dara iz 16 dr\u017eava. Balkanski kros je trebalo da bude odr\u017ean 12. marta  na stazi pored Morave na kojoj pre vi\u0161e od tri decenije tako\u0111e odr\u017eano ovo takmi\u010denje.<\/p>\n","protected":false},"excerpt":{"rendered":"<p>\u0106UPRIJA-Zbog nestabilnih vremenskih uslova jubilarni 60. Balkanski kros u \u0106upriji odlo\u017een je za oktobar ove godine, izjavio je predsednik Sportskog saveza te op\u0161tine Vladimir Vasiljevi\u0107. &hellip; <\/p>\n","protected":false},"author":4,"featured_media":2303,"comment_status":"open","ping_status":"open","sticky":false,"template":"","format":"standard","meta":{"footnotes":""},"categories":[2,21,12],"tags":[48,594,44],"_links":{"self":[{"href":"https:\/\/centralmedia.rs\/index.php\/wp-json\/wp\/v2\/posts\/2302"}],"collection":[{"href":"https:\/\/centralmedia.rs\/index.php\/wp-json\/wp\/v2\/posts"}],"about":[{"href":"https:\/\/centralmedia.rs\/index.php\/wp-json\/wp\/v2\/types\/post"}],"author":[{"embeddable":true,"href":"https:\/\/centralmedia.rs\/index.php\/wp-json\/wp\/v2\/users\/4"}],"replies":[{"embeddable":true,"href":"https:\/\/centralmedia.rs\/index.php\/wp-json\/wp\/v2\/comments?post=2302"}],"version-history":[{"count":0,"href":"https:\/\/centralmedia.rs\/index.php\/wp-json\/wp\/v2\/posts\/2302\/revisions"}],"wp:featuredmedia":[{"embeddable":true,"href":"https:\/\/centralmedia.rs\/index.php\/wp-json\/wp\/v2\/media\/2303"}],"wp:attachment":[{"href":"https:\/\/centralmedia.rs\/index.php\/wp-json\/wp\/v2\/media?parent=2302"}],"wp:term":[{"taxonomy":"category","embeddable":true,"href":"https:\/\/centralmedia.rs\/index.php\/wp-json\/wp\/v2\/categories?post=2302"},{"taxonomy":"post_tag","embeddable":true,"href":"https:\/\/centralmedia.rs\/index.php\/wp-json\/wp\/v2\/tags?post=2302"}],"curies":[{"name":"wp","href":"https:\/\/api.w.org\/{rel}","templated":true}]}}