{"id":23049,"date":"2020-03-27T01:15:08","date_gmt":"2020-03-27T01:15:08","guid":{"rendered":"http:\/\/centralmedia.rs\/?p=23049"},"modified":"2020-04-02T15:48:48","modified_gmt":"2020-04-02T15:48:48","slug":"jos-dva-obolela-od-korone-u-paracinu","status":"publish","type":"post","link":"https:\/\/centralmedia.rs\/index.php\/2020\/03\/27\/jos-dva-obolela-od-korone-u-paracinu\/","title":{"rendered":"JO\u0160 DVA OBOLELA OD KORONE U PARA\u0106INU"},"content":{"rendered":"<p>PARA\u0106IN- Danas je do 15 sati, potvr\u0111eno da su jo\u0161 dva lica sa podru\u010dja para\u0107inske op\u0161tine pozitivna na novi korona virus. Re\u010d je o starijem mu\u0161karcu iz Davidovca i jo\u0161 jednom mu\u0161karcu, 1959. godi\u0161te, iz Glavice. Ukupno je pet obolelih od novog korona virusa.<\/p>\n<p>-Danas je stigla potvrda &#8211; pozitivan test na korona virus &#8211; za jo\u0161 jedno lice, re\u010d je o mu\u0161karcu starom oko 60 godina iz Glavice. Gra\u0111anin za koga je ju\u010de stigao pozitivan nalaz testa je iz Davidovca, potvr\u0111eno je iz \u0160taba za vanredne situacije.<\/p>\n<p>Sino\u0107 je preko \u0160taba za vanredne situacije stigla i zvani\u010dna potvrda da je mu\u0161karac, koji je ro\u0111en i \u017eivi u \u0106upriji, a zbog prirode posla \u010desto boravi u Para\u0107inu, tako\u0111e, pozitivan na korona virusa, koji je to i sam potvrdio objavljivanjem informacije na dru\u0161tvenim mre\u017eama. Pre ovih, ranije su povr\u0111ena tri slu\u010daja u Para\u0107inu.<\/p>\n<p>Poziv za dostavlja\u010de robe na ku\u0107ne adrese<\/p>\n<p>Op\u0161tinski \u0160tab za vanredne situacije pozvao je trgovine, ugostitelje, apoteke i druge firme, koje po pozivu dostavljaju robu na ku\u0107ne adrese gra\u0111ana, da sve svoje podatke (adresu, mejl, broj telfona), putem kojih ih gra\u0111ani mogu kontaktirati, dostave na mejl &#8211; biljana_petrovic@paracin.rs &#8211; kako bi objedinjeno bili objavljeni na zvani\u010dnoj internet strani op\u0161tine Para\u0107in i kao takvi bili dostupniji gra\u0111anima. Takvi podaci \u0107e biti objavljivani u rubrici \u201eKu\u0107na dostava\u201c.<\/p>\n<p><img loading=\"lazy\" decoding=\"async\" class=\"alignnone wp-image-23051 size-large\" src=\"http:\/\/centralmedia.rs\/wp-content\/uploads\/2020\/03\/pozivni-centar1-1024x768.jpg\" alt=\"\" width=\"640\" height=\"480\" srcset=\"https:\/\/centralmedia.rs\/wp-content\/uploads\/2020\/03\/pozivni-centar1-1024x768.jpg 1024w, https:\/\/centralmedia.rs\/wp-content\/uploads\/2020\/03\/pozivni-centar1-300x225.jpg 300w, https:\/\/centralmedia.rs\/wp-content\/uploads\/2020\/03\/pozivni-centar1-768x576.jpg 768w, https:\/\/centralmedia.rs\/wp-content\/uploads\/2020\/03\/pozivni-centar1-560x420.jpg 560w, https:\/\/centralmedia.rs\/wp-content\/uploads\/2020\/03\/pozivni-centar1-80x60.jpg 80w, https:\/\/centralmedia.rs\/wp-content\/uploads\/2020\/03\/pozivni-centar1-100x75.jpg 100w, https:\/\/centralmedia.rs\/wp-content\/uploads\/2020\/03\/pozivni-centar1-180x135.jpg 180w, https:\/\/centralmedia.rs\/wp-content\/uploads\/2020\/03\/pozivni-centar1-238x178.jpg 238w, https:\/\/centralmedia.rs\/wp-content\/uploads\/2020\/03\/pozivni-centar1-640x480.jpg 640w, https:\/\/centralmedia.rs\/wp-content\/uploads\/2020\/03\/pozivni-centar1-681x511.jpg 681w, https:\/\/centralmedia.rs\/wp-content\/uploads\/2020\/03\/pozivni-centar1.jpg 1600w\" sizes=\"(max-width: 640px) 100vw, 640px\" \/><\/p>\n<p>PAUNOVI\u0106 OBI\u0160AO SLU\u017dBU ZA PODR\u0160KU GRADJANIMA<\/p>\n<p>Ekipe Slu\u017ebe za podr\u0161ku gradjanima starijim od 65 godina, kojima je potrebna usluga nabavke \u017eivotnih namirnica i lekova, za vreme vanrednog stanja, danas je obi\u0161ao predsednik Op\u0161tine Para\u0107in Sa\u0161a Paunovi\u0107. Pozivni centar Slu\u017ebe za podr\u0161ku radi u dve smene, danas su imali 14 izlazaka na teren. Slu\u017eba \u0107e narednih dana biti pro\u0161irena, jer se o\u010dekuje da vanredno stanje potraje du\u017ee nego \u0161to se o\u010dekivalo, odnosno mesec i po dana i du\u017ee.<\/p>\n<p>Brojevi centrale Doma zdravlja<\/p>\n<p>Para\u0107inski Dom zdravlja, prema nalogu Ministarstva, radi od 7 do 18 sati, a preporuka pacijentima je da pozovu svog izabranog lekara telefonom, da bi se konsultovali o potrebi da li do\u0111u na pregled, odnosno, da bi im lekar produ\u017eio recepte za stalnu terapiju. Ukoliko nemaju broj telefona svog izabranog lekara, pacijenti mogu da pozovu centralu Doma zdravlja, na kojoj \u0107e im de\u017eurni dispe\u010der dati broj njihovog izabranog lekara.<br \/>\nBrojevi centrale Doma zdravlja:<br \/>\n035\/563 517, 035\/573 186, 035\/573 187<br \/>\nDe\u010dije zubno odeljenje, kao i odeljenje za odrasle radi od 7 do 18 sati, a primaju se samo hitni slu\u010dajevi, odnosno pacijenti kojima je neophodna intervencija.<\/p>\n<p>Bez pla\u0107anja vrti\u0107a u vreme vanrednog stanja<br \/>\nPred\u0161kolska ustanova \u201cBambi\u201d pun obra\u010dun zadu\u017eenja za boravak dece u vrti\u0107ima obra\u010dunavala je zaklju\u010dno sa 13. martom, ka\u017ee direktorka, Ivona Mihajlovi\u0107. Kada se budu stekli uslovi, najverovatnije po\u010detkom aprila, vaspita\u010di \u0107e kontaktirati roditelje za preuzimanje de\u010dijeg pribora iz vrti\u0107a. Ina\u010de, zaposleni iz vrti\u0107a osim \u0161to su uklju\u010deni u tim za pomo\u0107 starim licima, aktivno rade i na pripremi sve neophodne dokumentacije za rad, kad vanredno stanje u zemlji bude ukinuto, kao i na dnevnom a\u017euriranju fejsbuk stranice PU \u201cBambi\u201d, na kojoj roditelji mogu da prona\u0111u korisne informacije, vezane za rad sa decom u ovim okolnostima. Predloge i savete na stranici formiraju pedagozi i psiholozi iz vrti\u0107a, a roditelji su pozvani da aktivno u\u010destvuju u razmeni informacija, u cilju pomo\u0107i i podr\u0161ke razvoju dece.<\/p>\n<p>NEMA PLA\u0106ANJA PARKINGA<\/p>\n<p>Obave\u0161tavaju se gra\u0111ani op\u0161tine Para\u0107in da se privremeno obustavnja naplata parkiranja dok traje vandredno stanje u Para\u0107inu u skladu sa odlukom op\u0161tinskog ve\u0107a\u00a0Op\u0161tine Para\u0107in i Odlukom Nadzornog odbora JP Dirkcije za izgradnju. Zaposleni na poslovima naplate parkiranja anga\u017euju se na za pomo\u0107 sugra\u0111anima kao doprinos u za\u0161titi gra\u0111ana od virusa.<\/p>\n","protected":false},"excerpt":{"rendered":"<p>PARA\u0106IN- Danas je do 15 sati, potvr\u0111eno da su jo\u0161 dva lica sa podru\u010dja para\u0107inske op\u0161tine pozitivna na novi korona virus. Re\u010d je o starijem &hellip; <\/p>\n","protected":false},"author":2,"featured_media":23050,"comment_status":"open","ping_status":"open","sticky":false,"template":"","format":"standard","meta":{"footnotes":""},"categories":[14,1524,2,1516,887,12],"tags":[4440,156],"_links":{"self":[{"href":"https:\/\/centralmedia.rs\/index.php\/wp-json\/wp\/v2\/posts\/23049"}],"collection":[{"href":"https:\/\/centralmedia.rs\/index.php\/wp-json\/wp\/v2\/posts"}],"about":[{"href":"https:\/\/centralmedia.rs\/index.php\/wp-json\/wp\/v2\/types\/post"}],"author":[{"embeddable":true,"href":"https:\/\/centralmedia.rs\/index.php\/wp-json\/wp\/v2\/users\/2"}],"replies":[{"embeddable":true,"href":"https:\/\/centralmedia.rs\/index.php\/wp-json\/wp\/v2\/comments?post=23049"}],"version-history":[{"count":1,"href":"https:\/\/centralmedia.rs\/index.php\/wp-json\/wp\/v2\/posts\/23049\/revisions"}],"predecessor-version":[{"id":23052,"href":"https:\/\/centralmedia.rs\/index.php\/wp-json\/wp\/v2\/posts\/23049\/revisions\/23052"}],"wp:featuredmedia":[{"embeddable":true,"href":"https:\/\/centralmedia.rs\/index.php\/wp-json\/wp\/v2\/media\/23050"}],"wp:attachment":[{"href":"https:\/\/centralmedia.rs\/index.php\/wp-json\/wp\/v2\/media?parent=23049"}],"wp:term":[{"taxonomy":"category","embeddable":true,"href":"https:\/\/centralmedia.rs\/index.php\/wp-json\/wp\/v2\/categories?post=23049"},{"taxonomy":"post_tag","embeddable":true,"href":"https:\/\/centralmedia.rs\/index.php\/wp-json\/wp\/v2\/tags?post=23049"}],"curies":[{"name":"wp","href":"https:\/\/api.w.org\/{rel}","templated":true}]}}