{"id":23057,"date":"2020-03-27T09:23:00","date_gmt":"2020-03-27T09:23:00","guid":{"rendered":"http:\/\/centralmedia.rs\/?p=23057"},"modified":"2020-04-02T15:48:42","modified_gmt":"2020-04-02T15:48:42","slug":"cuprija-najugrozenija-novim-korona-virusom","status":"publish","type":"post","link":"https:\/\/centralmedia.rs\/index.php\/2020\/03\/27\/cuprija-najugrozenija-novim-korona-virusom\/","title":{"rendered":"\u0106UPRIJA NAJUGRO\u017dENIJA NOVIM KORONA VIRUSOM"},"content":{"rendered":"<p>\u0106UPRIJA- Prema podacima komandanta \u0160taba za vanrendne situacije u \u0106upriji i predsednika te op\u0161tine Ninoslava Eri\u0107a zaklju\u010dno sa 26. martom u \u0106upriji je 27 lica potvr\u0111enih na COVID-19, u Para\u0107inu 6 \u00a0i po 1 u Rekovcu, Svilajncu i Jagodini. Iz tih podataka proizilazi da je u Pomoravskom okrugu potvr\u0111ena zaraza kod 36 lica novim korona virusom. Statisti\u010dki \u0106uprija se pribli\u017eava podatku da na 1.000 stanovnika ima 1 zara\u017eenog, a od srede se broj otvr\u0111enih slu\u010dajeva pove\u0107ao sa 10 na 27. Me\u0111u zara\u017eenima su, kako nezvani\u010dno saznajemo, i zdravstveni radnici, koji su imali kontakte van zdravstvenih ustanova. Primenjuju se mere dezinfekcije prostora i javnih povr\u0161ina, stanovni\u0161tvu se dele dezinfekciona sredstva, nalo\u017eeno je da vojska i policija budu ispred zdravstvenih ustanova.<\/p>\n<p><img loading=\"lazy\" decoding=\"async\" class=\"alignnone wp-image-23061 size-large\" src=\"http:\/\/centralmedia.rs\/wp-content\/uploads\/2020\/03\/dezinfekcija-1024x768.jpg\" alt=\"\" width=\"640\" height=\"480\" srcset=\"https:\/\/centralmedia.rs\/wp-content\/uploads\/2020\/03\/dezinfekcija-1024x768.jpg 1024w, https:\/\/centralmedia.rs\/wp-content\/uploads\/2020\/03\/dezinfekcija-300x225.jpg 300w, https:\/\/centralmedia.rs\/wp-content\/uploads\/2020\/03\/dezinfekcija-768x576.jpg 768w, https:\/\/centralmedia.rs\/wp-content\/uploads\/2020\/03\/dezinfekcija-560x420.jpg 560w, https:\/\/centralmedia.rs\/wp-content\/uploads\/2020\/03\/dezinfekcija-80x60.jpg 80w, https:\/\/centralmedia.rs\/wp-content\/uploads\/2020\/03\/dezinfekcija-100x75.jpg 100w, https:\/\/centralmedia.rs\/wp-content\/uploads\/2020\/03\/dezinfekcija-180x135.jpg 180w, https:\/\/centralmedia.rs\/wp-content\/uploads\/2020\/03\/dezinfekcija-238x178.jpg 238w, https:\/\/centralmedia.rs\/wp-content\/uploads\/2020\/03\/dezinfekcija-640x480.jpg 640w, https:\/\/centralmedia.rs\/wp-content\/uploads\/2020\/03\/dezinfekcija-681x511.jpg 681w, https:\/\/centralmedia.rs\/wp-content\/uploads\/2020\/03\/dezinfekcija.jpg 1600w\" sizes=\"(max-width: 640px) 100vw, 640px\" \/><\/p>\n","protected":false},"excerpt":{"rendered":"<p>\u0106UPRIJA- Prema podacima komandanta \u0160taba za vanrendne situacije u \u0106upriji i predsednika te op\u0161tine Ninoslava Eri\u0107a zaklju\u010dno sa 26. martom u \u0106upriji je 27 lica &hellip; <\/p>\n","protected":false},"author":2,"featured_media":23058,"comment_status":"open","ping_status":"open","sticky":false,"template":"","format":"standard","meta":{"footnotes":""},"categories":[1515,14,1524,2,12],"tags":[44,4446],"_links":{"self":[{"href":"https:\/\/centralmedia.rs\/index.php\/wp-json\/wp\/v2\/posts\/23057"}],"collection":[{"href":"https:\/\/centralmedia.rs\/index.php\/wp-json\/wp\/v2\/posts"}],"about":[{"href":"https:\/\/centralmedia.rs\/index.php\/wp-json\/wp\/v2\/types\/post"}],"author":[{"embeddable":true,"href":"https:\/\/centralmedia.rs\/index.php\/wp-json\/wp\/v2\/users\/2"}],"replies":[{"embeddable":true,"href":"https:\/\/centralmedia.rs\/index.php\/wp-json\/wp\/v2\/comments?post=23057"}],"version-history":[{"count":4,"href":"https:\/\/centralmedia.rs\/index.php\/wp-json\/wp\/v2\/posts\/23057\/revisions"}],"predecessor-version":[{"id":23063,"href":"https:\/\/centralmedia.rs\/index.php\/wp-json\/wp\/v2\/posts\/23057\/revisions\/23063"}],"wp:featuredmedia":[{"embeddable":true,"href":"https:\/\/centralmedia.rs\/index.php\/wp-json\/wp\/v2\/media\/23058"}],"wp:attachment":[{"href":"https:\/\/centralmedia.rs\/index.php\/wp-json\/wp\/v2\/media?parent=23057"}],"wp:term":[{"taxonomy":"category","embeddable":true,"href":"https:\/\/centralmedia.rs\/index.php\/wp-json\/wp\/v2\/categories?post=23057"},{"taxonomy":"post_tag","embeddable":true,"href":"https:\/\/centralmedia.rs\/index.php\/wp-json\/wp\/v2\/tags?post=23057"}],"curies":[{"name":"wp","href":"https:\/\/api.w.org\/{rel}","templated":true}]}}