{"id":23065,"date":"2020-03-27T18:27:35","date_gmt":"2020-03-27T18:27:35","guid":{"rendered":"http:\/\/centralmedia.rs\/?p=23065"},"modified":"2020-04-02T15:48:33","modified_gmt":"2020-04-02T15:48:33","slug":"necemo-jos-da-zatvaramo-gradove-vucic-broj-zarazenih-ce-rasti-ostanite-kod-kuce","status":"publish","type":"post","link":"https:\/\/centralmedia.rs\/index.php\/2020\/03\/27\/necemo-jos-da-zatvaramo-gradove-vucic-broj-zarazenih-ce-rasti-ostanite-kod-kuce\/","title":{"rendered":"NE\u0106EMO JO\u0160 DA ZATVARAMO GRADOVE Vu\u010di\u0107: Broj zara\u017eenih \u0107e rasti, ostanite kod ku\u0107e"},"content":{"rendered":"<p style=\"line-height: 19.2pt; background: white; margin: 10.75pt 0in 10.75pt 0in;\"><span style=\"font-size: 9.0pt; font-family: 'Arial','sans-serif'; color: #212121;\">&#8211; Ne\u0107emo jo\u0161 da donosimo te\u017ee mere i da zatvaramo gradove. Pribli\u017eavamo se periodu kada \u0107emo imati do 30 mrtvih dnevno i to \u0107e da raste. Sre\u0107ni smo \u0161to smo u poslednja 24 sata imali samo jednog mrtvog. Mi imamo vi\u0161e stanovnika od drugih na Balkanu. Pojavila nam se \u0106uprija kao novo \u017eari\u0161te kada su ljudi stigli iz inostranstva. Ako bismo zatvarali gradove, zatvorili bismo \u0106upriju prvo. U Valjevu je sada mnogo ve\u0107a disciplina, a tamo smo napravili mnogo gluposti, srce me boli, od proslava do drugih stvari &#8211; rekao je <span style=\"background: white;\">predsednik Srbije Aleksandar Vu\u010di\u0107<\/span>.<\/span><\/p>\n<p style=\"line-height: 19.2pt; background: white; font-variant-ligatures: normal; font-variant-caps: normal; orphans: 2; text-align: start; widows: 2; -webkit-text-stroke-width: 0px; text-decoration-style: initial; text-decoration-color: initial; word-spacing: 0px; margin: 10.75pt 0in 10.75pt 0in;\"><span style=\"font-size: 9.0pt; font-family: 'Arial','sans-serif'; color: #212121;\">Od zatvaranja gradova se nije potpuno odustalo, zavisno od razvoja situacije, ali to zasad nije opcija.<\/span><\/p>\n<p style=\"line-height: 19.2pt; background: white; font-variant-ligatures: normal; font-variant-caps: normal; orphans: 2; text-align: start; widows: 2; -webkit-text-stroke-width: 0px; text-decoration-style: initial; text-decoration-color: initial; word-spacing: 0px; margin: 10.75pt 0in 10.75pt 0in;\"><span style=\"font-size: 9.0pt; font-family: 'Arial','sans-serif'; color: #212121;\">&#8211; U naredna tri dana ne\u0107e do\u0107i do promene odluke, posle toga vide\u0107emo &#8211; objasnio je Vu\u010di\u0107.<\/span><\/p>\n<p style=\"line-height: 19.2pt; background: white; margin: 10.75pt 0in 10.75pt 0in;\"><span style=\"font-size: 9.0pt; font-family: 'Arial','sans-serif'; color: #212121; background: white;\">Kao \u0161to su lekari saop\u0161tili imamo 528 osoba obolelih, od kojih osam preminulih, a ukupan broj hospitalizovanih 302. Prosek godina preminulih je 66, a ne\u0161to ni\u017ei hospitalizovanih. Danas je verovatno najte\u017ei dan za Evropu u jednom danu zbog silnih preminulih u Italiji (969), \u0160paniji, Francuskoj, Nema\u010dkoj&#8230; Po brojevima koje vidite ni mi ne\u0107emo biti u zavidnoj situaciji u naredne dve-tri nedelje koje dolaze, ra\u010dunajte da \u0107e na\u0161i brojevi biti ve\u0107i, kre\u0107e obimnije testiranje, a bolnice su sve punije, rekao je na po\u010detku ve\u010dera\u0161njeg obra\u0107anja predsednik Srbije Aleksandar Vu\u010di\u0107<\/span><\/p>\n","protected":false},"excerpt":{"rendered":"<p>&#8211; Ne\u0107emo jo\u0161 da donosimo te\u017ee mere i da zatvaramo gradove. Pribli\u017eavamo se periodu kada \u0107emo imati do 30 mrtvih dnevno i to \u0107e da &hellip; <\/p>\n","protected":false},"author":2,"featured_media":23066,"comment_status":"open","ping_status":"open","sticky":false,"template":"","format":"standard","meta":{"footnotes":""},"categories":[14,2,12],"tags":[1274,4517],"_links":{"self":[{"href":"https:\/\/centralmedia.rs\/index.php\/wp-json\/wp\/v2\/posts\/23065"}],"collection":[{"href":"https:\/\/centralmedia.rs\/index.php\/wp-json\/wp\/v2\/posts"}],"about":[{"href":"https:\/\/centralmedia.rs\/index.php\/wp-json\/wp\/v2\/types\/post"}],"author":[{"embeddable":true,"href":"https:\/\/centralmedia.rs\/index.php\/wp-json\/wp\/v2\/users\/2"}],"replies":[{"embeddable":true,"href":"https:\/\/centralmedia.rs\/index.php\/wp-json\/wp\/v2\/comments?post=23065"}],"version-history":[{"count":1,"href":"https:\/\/centralmedia.rs\/index.php\/wp-json\/wp\/v2\/posts\/23065\/revisions"}],"predecessor-version":[{"id":23067,"href":"https:\/\/centralmedia.rs\/index.php\/wp-json\/wp\/v2\/posts\/23065\/revisions\/23067"}],"wp:featuredmedia":[{"embeddable":true,"href":"https:\/\/centralmedia.rs\/index.php\/wp-json\/wp\/v2\/media\/23066"}],"wp:attachment":[{"href":"https:\/\/centralmedia.rs\/index.php\/wp-json\/wp\/v2\/media?parent=23065"}],"wp:term":[{"taxonomy":"category","embeddable":true,"href":"https:\/\/centralmedia.rs\/index.php\/wp-json\/wp\/v2\/categories?post=23065"},{"taxonomy":"post_tag","embeddable":true,"href":"https:\/\/centralmedia.rs\/index.php\/wp-json\/wp\/v2\/tags?post=23065"}],"curies":[{"name":"wp","href":"https:\/\/api.w.org\/{rel}","templated":true}]}}