{"id":23068,"date":"2020-03-27T18:31:43","date_gmt":"2020-03-27T18:31:43","guid":{"rendered":"http:\/\/centralmedia.rs\/?p=23068"},"modified":"2020-04-02T15:48:26","modified_gmt":"2020-04-02T15:48:26","slug":"u-paracinu-proglasena-vanredna-situacija","status":"publish","type":"post","link":"https:\/\/centralmedia.rs\/index.php\/2020\/03\/27\/u-paracinu-proglasena-vanredna-situacija\/","title":{"rendered":"U Para\u0107inu progla\u0161ena vanredna situacija"},"content":{"rendered":"<p>PARA\u0106IN- Predsednik op\u0161tine Para\u0107in Sa\u0161a Paunovi\u0107 proglasio je vanrednu situaciju u op\u0161tini Para\u0107in, u uslovima vanrednog stanja u dr\u017eavi, u cilju efikasnije borbe protiv \u0161irenja zaraze virusom korona.<\/p>\n<p>Paunovi\u0107 je vanrednu situaciju proglasio na predlog Op\u0161tinskog \u0161taba za vanredne situacije, zbog porasta obolelih od virusa korona i &#8220;uz razumnu pretpostavku da \u0107e narednih dana biti i vi\u0161e lica za koje \u0107e se ustanoviti da su inficirani&#8221;, stoji na sajtu op\u0161tine Para\u0107in.<\/p>\n<p>Razlog za uvo\u0111enje vanredne situacije u Para\u0107inu, u uslovima vanrednog stanja u dr\u017eavi, &#8220;nije nikakva eskalacija problema u vezi sa aktuelnom epidemiolo\u0161kom situacijom, ve\u0107 stvaranje mehanizma za br\u017ee reagovanje, ako za to bude potrebe, a sa ciljem br\u017eeg i efikasnijeg odgovora na svaku novonastalu situaciju&#8221;.<\/p>\n<p>U Para\u0107inu je \u010detvoro ljudi pozitivno na korona virus, a me\u0111u njima je i jedan saobra\u0107ajni policajac, \u0161to je on sam potvrdio na dru\u0161tvenim mre\u017eama.<\/p>\n<p>\u0160tab za vanredne situacije je razmatrao trenutnu situaciju na podru\u010dju para\u0107inske op\u0161tine, kada je re\u010d o broju obolelih od korona virusa, koji iz dana u dan raste, uz razumnu pretpostavku da \u0107e, narednih dana, biti i vi\u0161e lica za koja \u0107e se ustanoviti da su zara\u017eena.<br \/>\n\u0160tab je razmatrao i sve mere koje se preduzimaju u skladu sa nadle\u017enostima lokalnog \u0161taba. Slu\u017eba podr\u0161ke funkcioni\u0161e, za sada, bez problema, dnevno primi do 40 poziva i obavi 15 do 20 odlazaka na teren. Za to je anga\u017eovano 37 ljudi, koji po ekipama, rade u dve smene. \u0160tab je obave\u0161ten da pojedini privatnici i drugi privredni subjekti nude pomo\u0107, donacijom sredstava za higijenu, goriva ili stavljanjem odre\u0111enog broja vozila na raspolaganje \u0160tabu za vanredne situacije u Para\u0107inu.<\/p>\n","protected":false},"excerpt":{"rendered":"<p>PARA\u0106IN- Predsednik op\u0161tine Para\u0107in Sa\u0161a Paunovi\u0107 proglasio je vanrednu situaciju u op\u0161tini Para\u0107in, u uslovima vanrednog stanja u dr\u017eavi, u cilju efikasnije borbe protiv \u0161irenja &hellip; <\/p>\n","protected":false},"author":2,"featured_media":10689,"comment_status":"open","ping_status":"open","sticky":false,"template":"","format":"standard","meta":{"footnotes":""},"categories":[14,1524,2,1516,887,12],"tags":[156,431],"_links":{"self":[{"href":"https:\/\/centralmedia.rs\/index.php\/wp-json\/wp\/v2\/posts\/23068"}],"collection":[{"href":"https:\/\/centralmedia.rs\/index.php\/wp-json\/wp\/v2\/posts"}],"about":[{"href":"https:\/\/centralmedia.rs\/index.php\/wp-json\/wp\/v2\/types\/post"}],"author":[{"embeddable":true,"href":"https:\/\/centralmedia.rs\/index.php\/wp-json\/wp\/v2\/users\/2"}],"replies":[{"embeddable":true,"href":"https:\/\/centralmedia.rs\/index.php\/wp-json\/wp\/v2\/comments?post=23068"}],"version-history":[{"count":1,"href":"https:\/\/centralmedia.rs\/index.php\/wp-json\/wp\/v2\/posts\/23068\/revisions"}],"predecessor-version":[{"id":23069,"href":"https:\/\/centralmedia.rs\/index.php\/wp-json\/wp\/v2\/posts\/23068\/revisions\/23069"}],"wp:featuredmedia":[{"embeddable":true,"href":"https:\/\/centralmedia.rs\/index.php\/wp-json\/wp\/v2\/media\/10689"}],"wp:attachment":[{"href":"https:\/\/centralmedia.rs\/index.php\/wp-json\/wp\/v2\/media?parent=23068"}],"wp:term":[{"taxonomy":"category","embeddable":true,"href":"https:\/\/centralmedia.rs\/index.php\/wp-json\/wp\/v2\/categories?post=23068"},{"taxonomy":"post_tag","embeddable":true,"href":"https:\/\/centralmedia.rs\/index.php\/wp-json\/wp\/v2\/tags?post=23068"}],"curies":[{"name":"wp","href":"https:\/\/api.w.org\/{rel}","templated":true}]}}