{"id":23074,"date":"2020-03-27T20:43:59","date_gmt":"2020-03-27T20:43:59","guid":{"rendered":"http:\/\/centralmedia.rs\/?p=23074"},"modified":"2020-04-02T15:48:11","modified_gmt":"2020-04-02T15:48:11","slug":"u-svilajncu-6-dana-bez-novih-slucajeva-covid-19","status":"publish","type":"post","link":"https:\/\/centralmedia.rs\/index.php\/2020\/03\/27\/u-svilajncu-6-dana-bez-novih-slucajeva-covid-19\/","title":{"rendered":"U SVILAJNCU 6 DANA BEZ NOVIH SLU\u010cAJEVA COVID-19"},"content":{"rendered":"<p>SVILAJNAC- Op\u0161tina Svilajnac je od uvo\u0111enja vanrednog stanja u Srbiji donosila stroge mere prevencije pojave i \u0161irenja korona virusa. Da su ove mere imale svoj rezultat pokazuje i podatak da poslednjih 6 dana na teritoriji op\u0161tine nije dijagnostikovan ni jedan nov slu\u010daj korona virusa. Za sada su u Svilajncu potvr\u0111ena dva slu\u010daja obolelih od korona virusa, jedna \u017eena koja se nalazi u Klini\u010dkom centru u Kragujevcu i mladi\u0107 koji je pu\u0161ten na ku\u0107no le\u010denje i za sada se oboje dobro ose\u0107aju. Proteklih dana u op\u0161tini Svilajnac sprovode se mere poja\u010dane higijene grada.<\/p>\n<p>-Plan nam je da u naredna tri dana dezinfikujemo sva sela na\u0161e op\u0161tine, to \u0107emo raditi nakon 17 \u010dasova kada su ljudi u svojim ku\u0107ama, nastavljamo i sa svakodnevvnom dezinfekcijom gradskih ulica, izjavio je ovim povodom predsednik op\u0161tine Svilajnac Predrag Milanovi\u0107.<\/p>\n<p><img loading=\"lazy\" decoding=\"async\" class=\"alignnone wp-image-23076 size-large\" src=\"http:\/\/centralmedia.rs\/wp-content\/uploads\/2020\/03\/Dezinfekcija-javnih-povr\u0161ina-1024x683.jpg\" alt=\"\" width=\"640\" height=\"427\" srcset=\"https:\/\/centralmedia.rs\/wp-content\/uploads\/2020\/03\/Dezinfekcija-javnih-povr\u0161ina-1024x683.jpg 1024w, https:\/\/centralmedia.rs\/wp-content\/uploads\/2020\/03\/Dezinfekcija-javnih-povr\u0161ina-300x200.jpg 300w, https:\/\/centralmedia.rs\/wp-content\/uploads\/2020\/03\/Dezinfekcija-javnih-povr\u0161ina-768x512.jpg 768w, https:\/\/centralmedia.rs\/wp-content\/uploads\/2020\/03\/Dezinfekcija-javnih-povr\u0161ina-630x420.jpg 630w, https:\/\/centralmedia.rs\/wp-content\/uploads\/2020\/03\/Dezinfekcija-javnih-povr\u0161ina-640x427.jpg 640w, https:\/\/centralmedia.rs\/wp-content\/uploads\/2020\/03\/Dezinfekcija-javnih-povr\u0161ina-681x454.jpg 681w\" sizes=\"(max-width: 640px) 100vw, 640px\" \/><\/p>\n<p>Kol centar op\u0161tine Svilajnac vr\u0161i uslu\u017ene nabavke osnovnih \u017eivotnih namirnica i lekova i ovih dana ima pune ruke posla.<\/p>\n<p>-Kol centar namenjen je za sve gra\u0111ane koji nisu u mogu\u0107nosti da napu\u0161taju svoje domove, naro\u010dito za penzionere koji osim nabavke namirnica i lekova mogu se obratiti Centru kako bi dobili penzije na ku\u0107nu adresu, rekao je Milanovi\u0107.<\/p>\n<p>Jedna od mera je koja se sprovodi kako bi se pomoglo svim gra\u0111anima op\u0161tine Svilajnac je i podela besplatnih socijalnih paketa.<\/p>\n<p>-Paketi su namenjeni za sve gra\u0111ane op\u0161tine Svilajnac koji u ovom trenutku imaju socijalne probleme i treba im pomo\u0107 kao \u0161to su najstariji sugra\u0111ani, nemo\u0107ni, kako bi pre\u017eiveli ovaj tezak period. Apelujem na ljude kojima pomo\u0107 nije neophodna da budu solidarni i da paketi najpre do\u0111u do onih kojima je pomo\u0107 najpotrebnija, istakao je Milanovi\u0107.<\/p>\n","protected":false},"excerpt":{"rendered":"<p>SVILAJNAC- Op\u0161tina Svilajnac je od uvo\u0111enja vanrednog stanja u Srbiji donosila stroge mere prevencije pojave i \u0161irenja korona virusa. Da su ove mere imale svoj &hellip; <\/p>\n","protected":false},"author":2,"featured_media":23075,"comment_status":"open","ping_status":"open","sticky":false,"template":"","format":"standard","meta":{"footnotes":""},"categories":[14,1524,2,887,12,1517],"tags":[4519,4440,38],"_links":{"self":[{"href":"https:\/\/centralmedia.rs\/index.php\/wp-json\/wp\/v2\/posts\/23074"}],"collection":[{"href":"https:\/\/centralmedia.rs\/index.php\/wp-json\/wp\/v2\/posts"}],"about":[{"href":"https:\/\/centralmedia.rs\/index.php\/wp-json\/wp\/v2\/types\/post"}],"author":[{"embeddable":true,"href":"https:\/\/centralmedia.rs\/index.php\/wp-json\/wp\/v2\/users\/2"}],"replies":[{"embeddable":true,"href":"https:\/\/centralmedia.rs\/index.php\/wp-json\/wp\/v2\/comments?post=23074"}],"version-history":[{"count":1,"href":"https:\/\/centralmedia.rs\/index.php\/wp-json\/wp\/v2\/posts\/23074\/revisions"}],"predecessor-version":[{"id":23077,"href":"https:\/\/centralmedia.rs\/index.php\/wp-json\/wp\/v2\/posts\/23074\/revisions\/23077"}],"wp:featuredmedia":[{"embeddable":true,"href":"https:\/\/centralmedia.rs\/index.php\/wp-json\/wp\/v2\/media\/23075"}],"wp:attachment":[{"href":"https:\/\/centralmedia.rs\/index.php\/wp-json\/wp\/v2\/media?parent=23074"}],"wp:term":[{"taxonomy":"category","embeddable":true,"href":"https:\/\/centralmedia.rs\/index.php\/wp-json\/wp\/v2\/categories?post=23074"},{"taxonomy":"post_tag","embeddable":true,"href":"https:\/\/centralmedia.rs\/index.php\/wp-json\/wp\/v2\/tags?post=23074"}],"curies":[{"name":"wp","href":"https:\/\/api.w.org\/{rel}","templated":true}]}}