{"id":23078,"date":"2020-03-28T10:38:10","date_gmt":"2020-03-28T10:38:10","guid":{"rendered":"http:\/\/centralmedia.rs\/?p=23078"},"modified":"2020-04-02T15:48:04","modified_gmt":"2020-04-02T15:48:04","slug":"u-cupriji-od-ponedeljka-masovnija-testiranja-i-rast-broja-obolelih-sve-teze-u-zdravstvenim-ustanovama","status":"publish","type":"post","link":"https:\/\/centralmedia.rs\/index.php\/2020\/03\/28\/u-cupriji-od-ponedeljka-masovnija-testiranja-i-rast-broja-obolelih-sve-teze-u-zdravstvenim-ustanovama\/","title":{"rendered":"U \u0106UPRIJI OD PONEDELJKA MASOVNIJA TESTIRANJA I RAST BROJA OBOLELIH, SVE TE\u017dE U ZDRAVSTVENIM USTANOVAMA"},"content":{"rendered":"<p>\u0106UPRIJA- Ninoslav Eri\u0107 iz \u0161taba za vanredne situacije u \u0106upriji, koja ima 41 zara\u017eenog na 28 hiljada stanovnika, rekao je za RTS da je virus u tom gradu potekao od dve osobe koje su do\u0161le iz inostranstva, a da je posle do\u0161lo do lokalne transmisije. Vojska obezbe\u0111uje Op\u0161tu bolnicu i Dom zdravlja, te ustanove su i dezinfikovane. Stigla je i za\u0161titna oprema za sve medicinske radnike.<\/p>\n<div id='gallery-1' class='gallery galleryid-23078 gallery-columns-7 gallery-size-thumbnail'><figure class='gallery-item'>\n\t\t\t<div class='gallery-icon landscape'>\n\t\t\t\t<a href='https:\/\/centralmedia.rs\/index.php\/2020\/03\/28\/u-cupriji-od-ponedeljka-masovnija-testiranja-i-rast-broja-obolelih-sve-teze-u-zdravstvenim-ustanovama\/dezinfekcija5\/'><img loading=\"lazy\" decoding=\"async\" width=\"150\" height=\"150\" src=\"https:\/\/centralmedia.rs\/wp-content\/uploads\/2020\/03\/dezinfekcija5-150x150.jpg\" class=\"attachment-thumbnail size-thumbnail\" alt=\"\" \/><\/a>\n\t\t\t<\/div><\/figure><figure class='gallery-item'>\n\t\t\t<div class='gallery-icon portrait'>\n\t\t\t\t<a href='https:\/\/centralmedia.rs\/index.php\/2020\/03\/28\/u-cupriji-od-ponedeljka-masovnija-testiranja-i-rast-broja-obolelih-sve-teze-u-zdravstvenim-ustanovama\/dezinfekcija-2\/'><img loading=\"lazy\" decoding=\"async\" width=\"150\" height=\"150\" src=\"https:\/\/centralmedia.rs\/wp-content\/uploads\/2020\/03\/dezinfekcija-1-150x150.jpg\" class=\"attachment-thumbnail size-thumbnail\" alt=\"\" \/><\/a>\n\t\t\t<\/div><\/figure><figure class='gallery-item'>\n\t\t\t<div class='gallery-icon portrait'>\n\t\t\t\t<a href='https:\/\/centralmedia.rs\/index.php\/2020\/03\/28\/u-cupriji-od-ponedeljka-masovnija-testiranja-i-rast-broja-obolelih-sve-teze-u-zdravstvenim-ustanovama\/dezinfekcija1\/'><img loading=\"lazy\" decoding=\"async\" width=\"150\" height=\"150\" src=\"https:\/\/centralmedia.rs\/wp-content\/uploads\/2020\/03\/dezinfekcija1-150x150.jpg\" class=\"attachment-thumbnail size-thumbnail\" alt=\"\" \/><\/a>\n\t\t\t<\/div><\/figure><figure class='gallery-item'>\n\t\t\t<div class='gallery-icon portrait'>\n\t\t\t\t<a href='https:\/\/centralmedia.rs\/index.php\/2020\/03\/28\/u-cupriji-od-ponedeljka-masovnija-testiranja-i-rast-broja-obolelih-sve-teze-u-zdravstvenim-ustanovama\/dezinfekcija2\/'><img loading=\"lazy\" decoding=\"async\" width=\"150\" height=\"150\" src=\"https:\/\/centralmedia.rs\/wp-content\/uploads\/2020\/03\/dezinfekcija2-150x150.jpg\" class=\"attachment-thumbnail size-thumbnail\" alt=\"\" \/><\/a>\n\t\t\t<\/div><\/figure><figure class='gallery-item'>\n\t\t\t<div class='gallery-icon portrait'>\n\t\t\t\t<a href='https:\/\/centralmedia.rs\/index.php\/2020\/03\/28\/u-cupriji-od-ponedeljka-masovnija-testiranja-i-rast-broja-obolelih-sve-teze-u-zdravstvenim-ustanovama\/dezinfekcija3\/'><img loading=\"lazy\" decoding=\"async\" width=\"150\" height=\"150\" src=\"https:\/\/centralmedia.rs\/wp-content\/uploads\/2020\/03\/dezinfekcija3-150x150.jpg\" class=\"attachment-thumbnail size-thumbnail\" alt=\"\" \/><\/a>\n\t\t\t<\/div><\/figure><figure class='gallery-item'>\n\t\t\t<div class='gallery-icon portrait'>\n\t\t\t\t<a href='https:\/\/centralmedia.rs\/index.php\/2020\/03\/28\/u-cupriji-od-ponedeljka-masovnija-testiranja-i-rast-broja-obolelih-sve-teze-u-zdravstvenim-ustanovama\/dezinfekcija4\/'><img loading=\"lazy\" decoding=\"async\" width=\"150\" height=\"150\" src=\"https:\/\/centralmedia.rs\/wp-content\/uploads\/2020\/03\/dezinfekcija4-150x150.jpg\" class=\"attachment-thumbnail size-thumbnail\" alt=\"\" \/><\/a>\n\t\t\t<\/div><\/figure><figure class='gallery-item'>\n\t\t\t<div class='gallery-icon landscape'>\n\t\t\t\t<a href='https:\/\/centralmedia.rs\/index.php\/2020\/03\/27\/cuprija-najugrozenija-novim-korona-virusom\/dezinfekcija\/'><img loading=\"lazy\" decoding=\"async\" width=\"150\" height=\"150\" src=\"https:\/\/centralmedia.rs\/wp-content\/uploads\/2020\/03\/dezinfekcija-150x150.jpg\" class=\"attachment-thumbnail size-thumbnail\" alt=\"\" \/><\/a>\n\t\t\t<\/div><\/figure>\n\t\t<\/div>\n\n<p>\u0106uprija je prva uvela najstro\u017eije mere, kako bi smanjila kretanje gra\u0111ana, osim prehrambenih marketa i apoteka.<\/p>\n<p>-Na po\u010detku je jedan od kontakta bio na\u0161 sugra\u0111anin iz inostranstva, njegova supruga je radnica Doma zdravlja. Vojska obezbe\u0111uje zdravstvene ustanove, koje su dezinfikovane. No\u0107as je stigla oprema za sve medicinske radnike. Nema straha da Op\u0161ta bolnica i Dom zdrave ne rade kako treba, rekao je Eri\u0107 za RTS.<\/p>\n<p>Od ponedeljka ZJZ \u0107e uzorkovati sve kontakte prvog reda.<\/p>\n<p>-Samim tim broj novozare\u017eenih \u0107e porasti, ali ima\u0107emo masu svih onih koji su zara\u017eeni i stavi\u0107emo ih u izlaciju ili Op\u0161tu bolnicu ili KBC. Uradili smo sve \u0161to je potrebno da se virus ne \u0161iri, sa uzorkovanjem ima\u0107emo celokupnu masu svih novo zara\u017eenih i posle toga kre\u0107e pad broja obolelih. Siguran sam da nema potrebe za zatvaranje \u0106uprije, uradili smo sve preventivne mere, sa uzorkovanjem ima\u0107emo celokupnu masu \u00a0zar\u017eenih i krenu\u0107emo sa izle\u010denjem, ka\u017ee Eri\u0107 za RTS.<\/p>\n<p>Kako nezvani\u010dno saznajemo, vi\u0161e zdravstvenih radnika, kako u Op\u0161toj bolnici tako i Domu zdravlja, pozitivno je na novi korona virus covid-19. Njihove kolege su testirane i o\u010dekuju rezultate uzorkovanja. U tom smislu te\u0161ka je situacija u vi\u0161e slu\u017ebi, jer su i kontakti u izolaciji.<\/p>\n","protected":false},"excerpt":{"rendered":"<p>\u0106UPRIJA- Ninoslav Eri\u0107 iz \u0161taba za vanredne situacije u \u0106upriji, koja ima 41 zara\u017eenog na 28 hiljada stanovnika, rekao je za RTS da je virus &hellip; <\/p>\n","protected":false},"author":2,"featured_media":23079,"comment_status":"open","ping_status":"open","sticky":false,"template":"","format":"standard","meta":{"footnotes":""},"categories":[1515,14,1524,2,12],"tags":[44,4497,4452],"_links":{"self":[{"href":"https:\/\/centralmedia.rs\/index.php\/wp-json\/wp\/v2\/posts\/23078"}],"collection":[{"href":"https:\/\/centralmedia.rs\/index.php\/wp-json\/wp\/v2\/posts"}],"about":[{"href":"https:\/\/centralmedia.rs\/index.php\/wp-json\/wp\/v2\/types\/post"}],"author":[{"embeddable":true,"href":"https:\/\/centralmedia.rs\/index.php\/wp-json\/wp\/v2\/users\/2"}],"replies":[{"embeddable":true,"href":"https:\/\/centralmedia.rs\/index.php\/wp-json\/wp\/v2\/comments?post=23078"}],"version-history":[{"count":2,"href":"https:\/\/centralmedia.rs\/index.php\/wp-json\/wp\/v2\/posts\/23078\/revisions"}],"predecessor-version":[{"id":23086,"href":"https:\/\/centralmedia.rs\/index.php\/wp-json\/wp\/v2\/posts\/23078\/revisions\/23086"}],"wp:featuredmedia":[{"embeddable":true,"href":"https:\/\/centralmedia.rs\/index.php\/wp-json\/wp\/v2\/media\/23079"}],"wp:attachment":[{"href":"https:\/\/centralmedia.rs\/index.php\/wp-json\/wp\/v2\/media?parent=23078"}],"wp:term":[{"taxonomy":"category","embeddable":true,"href":"https:\/\/centralmedia.rs\/index.php\/wp-json\/wp\/v2\/categories?post=23078"},{"taxonomy":"post_tag","embeddable":true,"href":"https:\/\/centralmedia.rs\/index.php\/wp-json\/wp\/v2\/tags?post=23078"}],"curies":[{"name":"wp","href":"https:\/\/api.w.org\/{rel}","templated":true}]}}