{"id":23090,"date":"2020-03-28T19:14:24","date_gmt":"2020-03-28T19:14:24","guid":{"rendered":"http:\/\/centralmedia.rs\/?p=23090"},"modified":"2020-04-02T15:54:40","modified_gmt":"2020-04-02T15:54:40","slug":"osam-lica-obolelo-u-paracinu-pomoc-za-najstarije-i-ugrozene","status":"publish","type":"post","link":"https:\/\/centralmedia.rs\/index.php\/2020\/03\/28\/osam-lica-obolelo-u-paracinu-pomoc-za-najstarije-i-ugrozene\/","title":{"rendered":"OSAM LICA OBOLELO U PARA\u0106INU, POMO\u0106 ZA NAJSTARIJE I UGRO\u017dENE"},"content":{"rendered":"<p>PARA\u0106IN-Prema evidenciji Doma zdravlja u Para\u0107inu je osam lica koja su zara\u017eena novim korona virusom.<br \/>\n-Vrlo je va\u017eno da svi budu na oprezu, da se svi pridr\u017eavaju mera koje su propisane od strane nadle\u017enih dr\u017eavnih organa kada je re\u010d o zabrani kretanja i va\u017eno je da te mere \u0161to kra\u0107e traju, a to samo od nas samih zavisi, rekao je predsednik Op\u0161tine Para\u0107in Sa\u0161a Paunovi\u0107.<\/p>\n<p>-Imamo dva nova slu\u010daja zaraze, re\u010d je radnicima \u0107uprijske bolnice, koji su iz Para\u0107ina. To ne zna\u010di da imamo samo osam lica pozitivnih na korona virus, njih je mogu\u0107e je vi\u0161e, ali nisu se testirala, nisu se prijavili lekaru. Zbog toga je va\u017eno da svi budemo na oprezu i da niko ne kri\u0161i mere propisane od dr\u017eavnih organa, kada je re\u010d o zabrani kretanja i izbegavanja kontakta. Svaki novi slu\u010daj zaraze produ\u017eava\u0107e zabranu kretanja za 28 dana.<\/p>\n<p>Ne manje bitno i to da \u0161to du\u017ee bude trajala zabrana kretanja ima\u0107emo ve\u0107e ekonomske probleme, te da trajanje mera zavisi od samih gra\u0111ana.<\/p>\n<p>Predsednik op\u0161tine Para\u0107in je sa ekipom Slu\u017ebe za podr\u0161ku obi\u0161ao je najstarija i ugro\u017eena lica. Lica kojima \u0107e biti pru\u017eena pomo\u0107 su najstariji gra\u0111ani Para\u0107ina, koji nemaju podr\u0161ku porodice, lo\u0161eg materijalnog stanja ili ugro\u017eeni lo\u0161eg materijalnog stanja kojima treba pomo\u0107 zajednice. Po proceni Centra za socijalni rad najpre njima \u0107e se upu\u0107ivati pomo\u0107, dok \u0107e u selima to biti obavljano sa predsednicma mesnih zajednica, odnosno poverenicima civilne za\u0161tite.<\/p>\n<p>&nbsp;<\/p>\n","protected":false},"excerpt":{"rendered":"<p>PARA\u0106IN-Prema evidenciji Doma zdravlja u Para\u0107inu je osam lica koja su zara\u017eena novim korona virusom. -Vrlo je va\u017eno da svi budu na oprezu, da se &hellip; <\/p>\n","protected":false},"author":2,"featured_media":23091,"comment_status":"open","ping_status":"open","sticky":false,"template":"","format":"standard","meta":{"footnotes":""},"categories":[14,1524,2,1516,887,12],"tags":[4440,156,172],"_links":{"self":[{"href":"https:\/\/centralmedia.rs\/index.php\/wp-json\/wp\/v2\/posts\/23090"}],"collection":[{"href":"https:\/\/centralmedia.rs\/index.php\/wp-json\/wp\/v2\/posts"}],"about":[{"href":"https:\/\/centralmedia.rs\/index.php\/wp-json\/wp\/v2\/types\/post"}],"author":[{"embeddable":true,"href":"https:\/\/centralmedia.rs\/index.php\/wp-json\/wp\/v2\/users\/2"}],"replies":[{"embeddable":true,"href":"https:\/\/centralmedia.rs\/index.php\/wp-json\/wp\/v2\/comments?post=23090"}],"version-history":[{"count":1,"href":"https:\/\/centralmedia.rs\/index.php\/wp-json\/wp\/v2\/posts\/23090\/revisions"}],"predecessor-version":[{"id":23092,"href":"https:\/\/centralmedia.rs\/index.php\/wp-json\/wp\/v2\/posts\/23090\/revisions\/23092"}],"wp:featuredmedia":[{"embeddable":true,"href":"https:\/\/centralmedia.rs\/index.php\/wp-json\/wp\/v2\/media\/23091"}],"wp:attachment":[{"href":"https:\/\/centralmedia.rs\/index.php\/wp-json\/wp\/v2\/media?parent=23090"}],"wp:term":[{"taxonomy":"category","embeddable":true,"href":"https:\/\/centralmedia.rs\/index.php\/wp-json\/wp\/v2\/categories?post=23090"},{"taxonomy":"post_tag","embeddable":true,"href":"https:\/\/centralmedia.rs\/index.php\/wp-json\/wp\/v2\/tags?post=23090"}],"curies":[{"name":"wp","href":"https:\/\/api.w.org\/{rel}","templated":true}]}}