{"id":23100,"date":"2020-03-28T19:27:17","date_gmt":"2020-03-28T19:27:17","guid":{"rendered":"http:\/\/centralmedia.rs\/?p=23100"},"modified":"2020-04-02T15:55:16","modified_gmt":"2020-04-02T15:55:16","slug":"eric-za-tv-prva-cuprija-bi-bila-mali-bergamo-da-nismo-preduzeli-sve-mere-od-pocetka","status":"publish","type":"post","link":"https:\/\/centralmedia.rs\/index.php\/2020\/03\/28\/eric-za-tv-prva-cuprija-bi-bila-mali-bergamo-da-nismo-preduzeli-sve-mere-od-pocetka\/","title":{"rendered":"ERI\u0106 ZA TV PRVA: \u201e\u0106uprija bi bila mali Bergamo da nismo preduzeli sve mere od po\u010detka\u201c"},"content":{"rendered":"<p>\u0106UPRIJA- U \u0106upriji je ukupno 31. osoba potvr\u0111ena na KOVID-19, u Para\u0107inu je osam potvr\u0111enih, a u Jagodini, Rekovcu i Svilajncu je po jedna zara\u017eena osoba\u201c, rekao je jutros za TV Prva predsednik op\u0161tine \u0106uprija Ninoslav Eri\u0107, koji je ujedno i komandant \u0160taba za vanredne situacije na teritoriji op\u0161tine \u0106uprija.<\/p>\n<p>\u201eSlede\u0107e nedelje \u0107emo sigurno imati veliki porast novozara\u017eenih, ali \u0107emo locirati sve one koji su zara\u017eeni. Kad ih lociramo, dolaze u bolnicu na infektivno odeljenje, oni koji su u te\u0161kom stanju idu u klini\u010dke centre\u201c, rekao je Eri\u0107.<\/p>\n<p>On je kritikovao neodgovorno pona\u0161anje pojedinaca koji su do\u0161li iz inostranstva, \u201ekoji su u prethodnom periodu napravili veliki broj kontakata i oni se sada pojavljuju kao pozitivni\u201c.<\/p>\n<p>Eri\u0107 je tako\u0111e rekao da su \u010dlanovi \u0160taba za vanredne situacije u stalnom kontaktu, i istakao da se radi organizovano i da su u \u0106upriji prvo zavedene rigorozne mere \u2013 jo\u0161 pre deset dana.<\/p>\n<p>\u201e\u0106uprija bi bila mali Bergamo da nismo preduzeli sve mere od po\u010detka\u201c, zaklju\u010dio je Eri\u0107 i pozvao \u017eitelje op\u0161tine da ostanu kod svojih ku\u0107a.<\/p>\n<p>Ina\u010de, dodajmo i to da je u \u0106upriju stigla za\u0161titna oprema za sve medicinske radnike.<\/p>\n<p>Eri\u0107 je danas izneo podatke o broju zara\u017eenih novim korona virusom po gradovima u Pomoravlju<\/p>\n<p>Zaklju\u010dno sa 27.03.2020.<br \/>\n\u0106uprija 31 potvr\u0111enih na COVID-19;<br \/>\nPara\u0107in 8 potvr\u0111enih na COVID-19;<br \/>\nRekovac 1 potvr\u0111en na COVID-19;<br \/>\nSvilajnac 1 potvr\u0111en na COVID-19;<br \/>\nJagodina 1 potvr\u0111en na COVID-19.<\/p>\n","protected":false},"excerpt":{"rendered":"<p>\u0106UPRIJA- U \u0106upriji je ukupno 31. osoba potvr\u0111ena na KOVID-19, u Para\u0107inu je osam potvr\u0111enih, a u Jagodini, Rekovcu i Svilajncu je po jedna zara\u017eena &hellip; <\/p>\n","protected":false},"author":2,"featured_media":23101,"comment_status":"open","ping_status":"open","sticky":false,"template":"","format":"standard","meta":{"footnotes":""},"categories":[1515,14,1524,2,12],"tags":[44,4440],"_links":{"self":[{"href":"https:\/\/centralmedia.rs\/index.php\/wp-json\/wp\/v2\/posts\/23100"}],"collection":[{"href":"https:\/\/centralmedia.rs\/index.php\/wp-json\/wp\/v2\/posts"}],"about":[{"href":"https:\/\/centralmedia.rs\/index.php\/wp-json\/wp\/v2\/types\/post"}],"author":[{"embeddable":true,"href":"https:\/\/centralmedia.rs\/index.php\/wp-json\/wp\/v2\/users\/2"}],"replies":[{"embeddable":true,"href":"https:\/\/centralmedia.rs\/index.php\/wp-json\/wp\/v2\/comments?post=23100"}],"version-history":[{"count":2,"href":"https:\/\/centralmedia.rs\/index.php\/wp-json\/wp\/v2\/posts\/23100\/revisions"}],"predecessor-version":[{"id":23103,"href":"https:\/\/centralmedia.rs\/index.php\/wp-json\/wp\/v2\/posts\/23100\/revisions\/23103"}],"wp:featuredmedia":[{"embeddable":true,"href":"https:\/\/centralmedia.rs\/index.php\/wp-json\/wp\/v2\/media\/23101"}],"wp:attachment":[{"href":"https:\/\/centralmedia.rs\/index.php\/wp-json\/wp\/v2\/media?parent=23100"}],"wp:term":[{"taxonomy":"category","embeddable":true,"href":"https:\/\/centralmedia.rs\/index.php\/wp-json\/wp\/v2\/categories?post=23100"},{"taxonomy":"post_tag","embeddable":true,"href":"https:\/\/centralmedia.rs\/index.php\/wp-json\/wp\/v2\/tags?post=23100"}],"curies":[{"name":"wp","href":"https:\/\/api.w.org\/{rel}","templated":true}]}}