{"id":23107,"date":"2020-03-30T09:22:18","date_gmt":"2020-03-30T09:22:18","guid":{"rendered":"http:\/\/centralmedia.rs\/?p=23107"},"modified":"2020-04-02T15:51:04","modified_gmt":"2020-04-02T15:51:04","slug":"troje-zdravstvenih-radnika-iz-cuprijske-bolnice-zarazeni-virusom-covid-19","status":"publish","type":"post","link":"https:\/\/centralmedia.rs\/index.php\/2020\/03\/30\/troje-zdravstvenih-radnika-iz-cuprijske-bolnice-zarazeni-virusom-covid-19\/","title":{"rendered":"TROJE ZDRAVSTVENIH RADNIKA IZ \u0106UPRIJSKE BOLNICE ZARA\u017dENI VIRUSOM COVID-19"},"content":{"rendered":"<p>\u0106UPRIJA- Komandant \u0160taba za vanredne situacije u \u0106upriji Ninoslav Eri\u0107 potvrdio je u subotu za portal nova.rs da je sada najte\u017ee lekarima.<\/p>\n<p>-Ta\u010dno je da su lekari sada preoptere\u0107eni i da de\u017euraju po 24 sata, ali je situacija te\u0161ka i nadam se da \u0107emo brzo iza\u0107i iz svega. Mi smo se kao op\u0161tina potrudili da im obezbedimo sve za\u0161titne mere i da pre svega oni budu za\u0161ti\u0107eni. Me\u0111u potvr\u0111enim slu\u010dajevima zara\u017eanih korona virusom je samo jedna medicinska sestra, rekao je u subotu Ninoslav Eri\u0107 za portal nova.rs.<\/p>\n<p>Kao meru prevencije za dalje \u0161irenje korona virusa, op\u0161tina \u0106uprija redovno dezinfikuje sve javne povr\u0161ine, a na \u010detiri punkta u samom gradu, kao i u okolnim selima, postavljene su cisterene sa sredstvima za dezinfekciju, koje gra\u0111ani mogu besplatno da preuzmnu. Vojska Srbije se priklju\u010dila akciji dezinfekcije i obezbe\u0111uje zdravstvene ustanove.<\/p>\n<p>Komandant \u0160taba za vanredne situacije u Para\u0107inu Sa\u0161a Paunovi\u0107 potvrdio je u subotu da su dva zdravstvena radnika iz \u0107uprijske bolnice, koji \u017eive u Para\u0107inu, zara\u017eeni novim korona virusom.<\/p>\n<p>U Pomoravskom okrugu je 48 obolelih, najvi\u0161e u \u0106upriji 34, prema informacima Eri\u0107a, koji je tako\u0111e saop\u0161tio da su tri lica, koja su bila zara\u017eena, iz \u0106uprije i Para\u0107ina preminula.<\/p>\n","protected":false},"excerpt":{"rendered":"<p>\u0106UPRIJA- Komandant \u0160taba za vanredne situacije u \u0106upriji Ninoslav Eri\u0107 potvrdio je u subotu za portal nova.rs da je sada najte\u017ee lekarima. -Ta\u010dno je da &hellip; <\/p>\n","protected":false},"author":2,"featured_media":23108,"comment_status":"open","ping_status":"open","sticky":false,"template":"","format":"standard","meta":{"footnotes":""},"categories":[1515,14,1524,2,12],"tags":[135,44,4440,536],"_links":{"self":[{"href":"https:\/\/centralmedia.rs\/index.php\/wp-json\/wp\/v2\/posts\/23107"}],"collection":[{"href":"https:\/\/centralmedia.rs\/index.php\/wp-json\/wp\/v2\/posts"}],"about":[{"href":"https:\/\/centralmedia.rs\/index.php\/wp-json\/wp\/v2\/types\/post"}],"author":[{"embeddable":true,"href":"https:\/\/centralmedia.rs\/index.php\/wp-json\/wp\/v2\/users\/2"}],"replies":[{"embeddable":true,"href":"https:\/\/centralmedia.rs\/index.php\/wp-json\/wp\/v2\/comments?post=23107"}],"version-history":[{"count":3,"href":"https:\/\/centralmedia.rs\/index.php\/wp-json\/wp\/v2\/posts\/23107\/revisions"}],"predecessor-version":[{"id":23111,"href":"https:\/\/centralmedia.rs\/index.php\/wp-json\/wp\/v2\/posts\/23107\/revisions\/23111"}],"wp:featuredmedia":[{"embeddable":true,"href":"https:\/\/centralmedia.rs\/index.php\/wp-json\/wp\/v2\/media\/23108"}],"wp:attachment":[{"href":"https:\/\/centralmedia.rs\/index.php\/wp-json\/wp\/v2\/media?parent=23107"}],"wp:term":[{"taxonomy":"category","embeddable":true,"href":"https:\/\/centralmedia.rs\/index.php\/wp-json\/wp\/v2\/categories?post=23107"},{"taxonomy":"post_tag","embeddable":true,"href":"https:\/\/centralmedia.rs\/index.php\/wp-json\/wp\/v2\/tags?post=23107"}],"curies":[{"name":"wp","href":"https:\/\/api.w.org\/{rel}","templated":true}]}}