{"id":23129,"date":"2020-03-30T22:21:58","date_gmt":"2020-03-30T22:21:58","guid":{"rendered":"http:\/\/centralmedia.rs\/?p=23129"},"modified":"2020-04-02T15:51:42","modified_gmt":"2020-04-02T15:51:42","slug":"korona-usla-u-cuprijsku-bolnicu-pacijentkinja-iz-rekovca-zarazila-sam-se-u-bolnici","status":"publish","type":"post","link":"https:\/\/centralmedia.rs\/index.php\/2020\/03\/30\/korona-usla-u-cuprijsku-bolnicu-pacijentkinja-iz-rekovca-zarazila-sam-se-u-bolnici\/","title":{"rendered":"KORONA ,,U\u0160LA&#8221; U \u0106UPRIJSKU BOLNICU &#8211; PACIJENTKINJA IZ REKOVCA: ,,ZARAZILA SAM SE U BOLNICI&#8221;"},"content":{"rendered":"<p>\u0106UPRIJA- Op\u0161ta bolnica u \u0106upriji, zvani\u010dno jedina u Pomoravskom okrugu koja ima Odeljene infektologije, od po\u010detka epidemije novim korona virusom covid-19 je na udaru pacijenata \u010diji se broj svakodnevno pove\u0107ava. Pacijentkinja iz Rekovca, drugi slu\u010daj u toj op\u0161tini, je saznala da je u bolnici zara\u017eena korona virusom.<\/p>\n<p>-U bolnicu sam primljena 16. marta sa dijagnozom upala plu\u0107a. Saop\u0161tili su mi nedelju 29. marta, posle testiranja, da sam zara\u017eena. Bila sam u sobi sa pacijentom kod koga je potvr\u0111en virus, pri\u010da pacijentkinja kojoj je zbog svega veoma upla\u0161ena, jer je primljena sa jednom dijagnozom, a sada je inficirana covidom-19.<\/p>\n<p>Njena porodica, \u010diji \u010dlanovi nemaju simptome, je uznemirena zbog svega \u0161to se doga\u0111a i tra\u017ee da ustanovi odgovornost zbog zaraze. Ono o \u010demu zvani\u010dnici\u00a0 iz \u0106uprije \u0107ute, a javna je tajna je broj lekara, medicinskih tehni\u010dara i ostalog osoblja iz Op\u0161te bolnice i Doma zdravlja kod kojih je potvr\u0111en novi korona virus, a kao onih koji su sumnjivi.<\/p>\n<p>-Celo odeljenje je pod sumnjom da je\u00a0 zara\u017eeno. Kod dva lekara i sestre je ve\u0107 potvr\u0111ena zaraza. Nastavljamo i dalje sa radom, mada bi trebali da se izolujemo na 14 dana. \u0160ta da o\u010dekujem kada sam sedeo u sobi iz dana u dan sa zara\u017eenim kolegama. Da za nedelju dana dobijem temperaturu. I na drugim odeljenjima nije bolje, jo\u0161 nekoliko odeljenja je zahva\u0107eno virusom i tamo je kod mnogih lekara i medicinskih tehni\u010dara potvr\u0111ena zaraza. Veliki broj zdravstvenih radnika koji su imali kontakte sa zara\u017eenima tek o\u010dekuju rezultate testova, pri\u010da lekar sa dugogodi\u0161njim iskustvom.<\/p>\n<p>Zaposleni iz \u0107uprijske bolnice ka\u017eu da je novi korona virus dijagnostikovan kod zdravstvenih radnika na odeljenjima urologije, orl, nefrologije, onkologije i me\u0111u anesteti\u010darima, kao kod zaposlenih u Domu zdravlja. Veliki broj zdravstvenih radnika i gra\u0111ana je u izolaciji zbog kontakata sa zara\u017eenima. Odgovorni iz bolnice ne \u017eele da komentari\u0161u nastalu situaciju i upu\u0107uju na Ministarstvo zdravlja, dok iz \u0160taba za vanredne situacije i Zavoda za javno zdravlje nisu odgovarali na pitanja novinara. Vojska Srbije obezbe\u0111uje zdravstvne ustanove i dezinfikuje grad i bolnicu. Najavljeno je pove\u0107anje broja testiranih gra\u0111ana koji su imali kontakte ili simptome bolesti.<\/p>\n<p>&nbsp;<\/p>\n<p>Dana\u0161nje ,,Novosti&#8221; prenose\u00a0 da je u \u0106upriji dramati\u010dno porastao broj obolelih od kovida-19, a posebno zabrinjavaju\u0107a je \u010dinjenica da je korona u\u0161la u Op\u0161tu bolnicu.<\/p>\n<p>Nakon prvog slu\u010daja jedne zdravstvene radnice, koja je virus, sa svojim suprugom koji je do\u0161ao iz inostranstva, i donela u grad na Moravi, tokom protekle sedmice stigli su pozitivni rezultati za jo\u0161 nekoliko zdravstvenih radnika, lekara i medicinsku sestru, pi\u0161u ,,Novosti&#8221;.<\/p>\n<p>Prema nezvani\u010dnim saznanjima, u najlo\u0161ijem zdravstvenom stanju je sestra sa odeljenja nefrologije, L. M., iz obli\u017enjeg sela Kru\u0161ar, koja je transportovana u KBC &#8220;Dr Dragi\u0161a Mi\u0161ovi\u0107&#8221;. U razgovoru za &#8220;Novosti&#8221; suprug ove \u017eene, poljoprivrednik iz Kru\u0161ara, obja\u0161njava da je ona pre desetak dana dobila stoma\u010dne probleme:<\/p>\n<p>&#8211; Bilo joj je muka, povra\u0107ala je, nije mogla da jede. Radila je sve vreme, do pro\u0161log ponedeljka, ali joj se stanje pogor\u0161alo, ka\u0161ljala je. Sin i ja smo je odveli u Hitnu slu\u017ebu, a snimak plu\u0107a pokazao je da ima upalu. Zadr\u017eali su je u bolnici, a posle je hitno prebacili u Beograd. Poslednji put sa njom sam se \u010duo dok je bila u \u0106upriji, a telefon joj je sada nedostupan.<\/p>\n<p>Prema izvorima &#8220;Novosti&#8221;, kolega koji je radio smenu sa obolelom medicinskom sestrom i koji je imao temperaturu, bio je negativan na testu, dok je koleginica iz smene bila bez simptoma i poslata je u ku\u0107nu izolaciju. Ostali zaposleni na nefrologiji o\u010dekuju da budu testirani.<\/p>\n<p>Situacija se iskomplikovala i na Odeljenju urologije, koje se nalazi u drugoj zgradi. \u010cim su dva urologa po\u010dela da pokazuju simptome, hospitalizovani su, a \u010detiri medicinske sestre, koje su imale temperaturu, poslate su ku\u0107i. Urolozima je uzet bris pro\u0161log \u010detvrtka i pozitivan nalaz je ve\u0107 stigao. Odeljenje je u me\u0111uvremenu radilo. Pre svih ovih slu\u010dajeva, zaraza virusom potvr\u0111ena je kod jedne sestre sa ORL.<\/p>\n<p>Dva nulta obolela u \u0106upriji pojavila su se 18. marta, a ta op\u0161tina je jo\u0161 pre toga uvela drasti\u010dna ograni\u010denja, pa je zabranjen rad prakti\u010dno svih maloprodajnih objekata osim prehrane i apoteka.<\/p>\n<p>&nbsp;<\/p>\n","protected":false},"excerpt":{"rendered":"<p>\u0106UPRIJA- Op\u0161ta bolnica u \u0106upriji, zvani\u010dno jedina u Pomoravskom okrugu koja ima Odeljene infektologije, od po\u010detka epidemije novim korona virusom covid-19 je na udaru pacijenata &hellip; <\/p>\n","protected":false},"author":2,"featured_media":3991,"comment_status":"open","ping_status":"open","sticky":false,"template":"","format":"standard","meta":{"footnotes":""},"categories":[1515,14,1524,2,12],"tags":[135,44,4440,536,4523,441,4524],"_links":{"self":[{"href":"https:\/\/centralmedia.rs\/index.php\/wp-json\/wp\/v2\/posts\/23129"}],"collection":[{"href":"https:\/\/centralmedia.rs\/index.php\/wp-json\/wp\/v2\/posts"}],"about":[{"href":"https:\/\/centralmedia.rs\/index.php\/wp-json\/wp\/v2\/types\/post"}],"author":[{"embeddable":true,"href":"https:\/\/centralmedia.rs\/index.php\/wp-json\/wp\/v2\/users\/2"}],"replies":[{"embeddable":true,"href":"https:\/\/centralmedia.rs\/index.php\/wp-json\/wp\/v2\/comments?post=23129"}],"version-history":[{"count":2,"href":"https:\/\/centralmedia.rs\/index.php\/wp-json\/wp\/v2\/posts\/23129\/revisions"}],"predecessor-version":[{"id":23131,"href":"https:\/\/centralmedia.rs\/index.php\/wp-json\/wp\/v2\/posts\/23129\/revisions\/23131"}],"wp:featuredmedia":[{"embeddable":true,"href":"https:\/\/centralmedia.rs\/index.php\/wp-json\/wp\/v2\/media\/3991"}],"wp:attachment":[{"href":"https:\/\/centralmedia.rs\/index.php\/wp-json\/wp\/v2\/media?parent=23129"}],"wp:term":[{"taxonomy":"category","embeddable":true,"href":"https:\/\/centralmedia.rs\/index.php\/wp-json\/wp\/v2\/categories?post=23129"},{"taxonomy":"post_tag","embeddable":true,"href":"https:\/\/centralmedia.rs\/index.php\/wp-json\/wp\/v2\/tags?post=23129"}],"curies":[{"name":"wp","href":"https:\/\/api.w.org\/{rel}","templated":true}]}}