{"id":23168,"date":"2020-04-01T19:19:02","date_gmt":"2020-04-01T19:19:02","guid":{"rendered":"http:\/\/centralmedia.rs\/?p=23168"},"modified":"2020-04-08T14:52:49","modified_gmt":"2020-04-08T14:52:49","slug":"dr-drenovakovic-nismo-mi-uvozni-lekari-cuprijske-bolnice-zarazli-smo-se-na-radom-mestu","status":"publish","type":"post","link":"https:\/\/centralmedia.rs\/index.php\/2020\/04\/01\/dr-drenovakovic-nismo-mi-uvozni-lekari-cuprijske-bolnice-zarazli-smo-se-na-radom-mestu\/","title":{"rendered":"DR DRENOVAKOVI\u0106 &#8211; NISMO MI UVOZNI LEKARI \u0106UPRIJSKE BOLNICE, ZARAZILI SMO SE NA RADOM MESTU"},"content":{"rendered":"<p>\u0106UPRIJA-Posle vesti o smrti dr Goran Ivankovi\u0107a ju\u010de je njegov kolega sa Odeljenja urologije Op\u0161te bolnice u \u0106upriji dr Predrag Drenovakovi\u0107 rekao da je on bio radnik \u0107uprijske bolnice gde se i zarazio, zbog \u010dega je umro.<\/p>\n<p>-Nije on uvezo, nismo mi uvozni lekari \u0107uprijske bolnice. To je uvreda. \u010covek je iz Para\u0107ina, radi u \u0106upriji tu se zarazio i zbog toga umro. Testiran je tek kada je lego na odeljenje, zbog simptoma i gu\u0161enja. Radio je pod temperaturom, ne zato \u0161to je hteo. Trebao je da bude sklonjen, kao i svi mi. Sedeli smo zajedno svako jutro. Pokojni dr Goran je predlagao da se naprave timovi pred dve i po nedelje, ali stav je bio da svaki dan svi dolaze na posao, jer nije bilo instrukcija iz ministarstva, ka\u017ee dr Drenovakovi\u0107.<\/p>\n<p>-Rezignirani samo takvim izjavama najodgovornijih ljudi u \u0106upriji, mi nismo uvozni doktori, ne uvozimo koronu u \u0106upriju, zarazili smo se na\u00a0 radnom mestu. Posle testiranja de\u017eurao sam 24 sata, terali su nas da radimo ikao smo bili u direktnom kontaktu sa obolelim kolegama, to je asurd \u0161to se radi. Iako nam je kolega umro, koji je bio sa nama u sobi, moramo da radimo. Navodno da radimo dok ne stignu rezulati, koliko \u0107emo mi njih da zarazimo u krugu oko nas za to vreme, pri\u010da dr Drenovakovi\u0107.<\/p>\n<p>-Svi koji su imali direktan kontak sa zara\u017eenim ili obolelim treba da idemo 28 dana u izolaciju, a to je masovno. Kolega iz sobe, operisali smo zajedno, \u0161ta da rade instrumentarke \u0161to su bili glava do glave. Ubacili ih u smene jer nema ko da radi. Na\u0161ta to li\u010di, ka\u017ee dr Drenovakovi\u0107.<\/p>\n<p>Nekoliko sati posle razgovora, sino\u0107, njemu je stigla potvrda je zara\u017een covid-19, novim korona virusom, trenutno je u izolaciji.<\/p>\n","protected":false},"excerpt":{"rendered":"<p>\u0106UPRIJA-Posle vesti o smrti dr Goran Ivankovi\u0107a ju\u010de je njegov kolega sa Odeljenja urologije Op\u0161te bolnice u \u0106upriji dr Predrag Drenovakovi\u0107 rekao da je on &hellip; <\/p>\n","protected":false},"author":2,"featured_media":23169,"comment_status":"open","ping_status":"open","sticky":false,"template":"","format":"standard","meta":{"footnotes":""},"categories":[1515,28,1524,2,12],"tags":[135,44,4531],"_links":{"self":[{"href":"https:\/\/centralmedia.rs\/index.php\/wp-json\/wp\/v2\/posts\/23168"}],"collection":[{"href":"https:\/\/centralmedia.rs\/index.php\/wp-json\/wp\/v2\/posts"}],"about":[{"href":"https:\/\/centralmedia.rs\/index.php\/wp-json\/wp\/v2\/types\/post"}],"author":[{"embeddable":true,"href":"https:\/\/centralmedia.rs\/index.php\/wp-json\/wp\/v2\/users\/2"}],"replies":[{"embeddable":true,"href":"https:\/\/centralmedia.rs\/index.php\/wp-json\/wp\/v2\/comments?post=23168"}],"version-history":[{"count":3,"href":"https:\/\/centralmedia.rs\/index.php\/wp-json\/wp\/v2\/posts\/23168\/revisions"}],"predecessor-version":[{"id":23172,"href":"https:\/\/centralmedia.rs\/index.php\/wp-json\/wp\/v2\/posts\/23168\/revisions\/23172"}],"wp:featuredmedia":[{"embeddable":true,"href":"https:\/\/centralmedia.rs\/index.php\/wp-json\/wp\/v2\/media\/23169"}],"wp:attachment":[{"href":"https:\/\/centralmedia.rs\/index.php\/wp-json\/wp\/v2\/media?parent=23168"}],"wp:term":[{"taxonomy":"category","embeddable":true,"href":"https:\/\/centralmedia.rs\/index.php\/wp-json\/wp\/v2\/categories?post=23168"},{"taxonomy":"post_tag","embeddable":true,"href":"https:\/\/centralmedia.rs\/index.php\/wp-json\/wp\/v2\/tags?post=23168"}],"curies":[{"name":"wp","href":"https:\/\/api.w.org\/{rel}","templated":true}]}}