{"id":23173,"date":"2020-04-01T19:45:05","date_gmt":"2020-04-01T19:45:05","guid":{"rendered":"http:\/\/centralmedia.rs\/?p=23173"},"modified":"2020-04-08T14:52:58","modified_gmt":"2020-04-08T14:52:58","slug":"sindikat-lekara-i-farmaceuta-dr-curic-dosta-kolega-i-pacijenata-pozitivno","status":"publish","type":"post","link":"https:\/\/centralmedia.rs\/index.php\/2020\/04\/01\/sindikat-lekara-i-farmaceuta-dr-curic-dosta-kolega-i-pacijenata-pozitivno\/","title":{"rendered":"Sindikat lekara i farmaceuta DR \u0106URI\u0106:  DOSTA KOLEGA I PACIJENATA POZITIVNO"},"content":{"rendered":"<p>\u0106UPRIJA- Predsednik \u0107uprijskog ogranka Sindikata lekara i farmaceuta dr Dejan \u0106uri\u0107 apelovao je na kolege da u \u010detvrtak u 10 sati odaju po\u0161tu preminulom kolegi dr Goranu Ivankovi\u0107u minutom \u0107utanja zbog.<\/p>\n<p>-Zbog cele situacije ne mo\u017eemo da organizujemo skup, ali apelujem na kolege da na radnim mestima ili gde se zateknu odaju po\u0161tu divnom \u010doveku. Velika \u0161teta i \u017ealost. Organizovati sada ne\u0161to je veoma te\u0161ko jer je dosta me\u0111u nama i pacijentima pozitivnih na koronu. Kada sve pro\u0111e napravi\u0107emo komemoraciju i odati po\u010dast i sve \u0161to prili\u010di svima koji su polo\u017eili \u017eivot u ovoj borbi, rekao je dr \u0106uri\u0107.<\/p>\n<p>Zvani\u010dno je pedesetak lica sa korona virusom, stalno se testiraju, vide\u0107emo kako \u0107e da se kre\u0107u rezultati, prebukirane su laboratorije.<\/p>\n<p>-Od sino\u0107 su pozitivna jo\u0161 dvojica doktora sa urologije koji su radili sa dr Ivankovi\u0107em i jo\u0161 jednim kolegom koji je na le\u010denju. Ima informacija da ima pozitivnih na anesteziji tehni\u010dara i doktora, oni su prvi na udaru, rade sa respiratorima, pokrivaju Respiratorni centar, sa nefrologije je sestra na respiratoru, \u010duo sam da su rukovode\u0107i ljudi u zdravstvenom problemu i to \u0107e da bude veliki problem &#8230; pri\u010da dr \u0106uri\u0107.<\/p>\n","protected":false},"excerpt":{"rendered":"<p>\u0106UPRIJA- Predsednik \u0107uprijskog ogranka Sindikata lekara i farmaceuta dr Dejan \u0106uri\u0107 apelovao je na kolege da u \u010detvrtak u 10 sati odaju po\u0161tu preminulom kolegi &hellip; <\/p>\n","protected":false},"author":2,"featured_media":23174,"comment_status":"open","ping_status":"open","sticky":false,"template":"","format":"standard","meta":{"footnotes":""},"categories":[1515,28,1524,2,12],"tags":[44,4532],"_links":{"self":[{"href":"https:\/\/centralmedia.rs\/index.php\/wp-json\/wp\/v2\/posts\/23173"}],"collection":[{"href":"https:\/\/centralmedia.rs\/index.php\/wp-json\/wp\/v2\/posts"}],"about":[{"href":"https:\/\/centralmedia.rs\/index.php\/wp-json\/wp\/v2\/types\/post"}],"author":[{"embeddable":true,"href":"https:\/\/centralmedia.rs\/index.php\/wp-json\/wp\/v2\/users\/2"}],"replies":[{"embeddable":true,"href":"https:\/\/centralmedia.rs\/index.php\/wp-json\/wp\/v2\/comments?post=23173"}],"version-history":[{"count":1,"href":"https:\/\/centralmedia.rs\/index.php\/wp-json\/wp\/v2\/posts\/23173\/revisions"}],"predecessor-version":[{"id":23175,"href":"https:\/\/centralmedia.rs\/index.php\/wp-json\/wp\/v2\/posts\/23173\/revisions\/23175"}],"wp:featuredmedia":[{"embeddable":true,"href":"https:\/\/centralmedia.rs\/index.php\/wp-json\/wp\/v2\/media\/23174"}],"wp:attachment":[{"href":"https:\/\/centralmedia.rs\/index.php\/wp-json\/wp\/v2\/media?parent=23173"}],"wp:term":[{"taxonomy":"category","embeddable":true,"href":"https:\/\/centralmedia.rs\/index.php\/wp-json\/wp\/v2\/categories?post=23173"},{"taxonomy":"post_tag","embeddable":true,"href":"https:\/\/centralmedia.rs\/index.php\/wp-json\/wp\/v2\/tags?post=23173"}],"curies":[{"name":"wp","href":"https:\/\/api.w.org\/{rel}","templated":true}]}}