{"id":23176,"date":"2020-04-01T21:33:48","date_gmt":"2020-04-01T21:33:48","guid":{"rendered":"http:\/\/centralmedia.rs\/?p=23176"},"modified":"2020-04-08T14:53:07","modified_gmt":"2020-04-08T14:53:07","slug":"dr-markovic-zaposleni-u-bolnici-pred-pucanjem-ne-znamo-ko-je-bolestan-a-ko-je-zdrav-ne-znamo-ko-rukovodi-bolnicom","status":"publish","type":"post","link":"https:\/\/centralmedia.rs\/index.php\/2020\/04\/01\/dr-markovic-zaposleni-u-bolnici-pred-pucanjem-ne-znamo-ko-je-bolestan-a-ko-je-zdrav-ne-znamo-ko-rukovodi-bolnicom\/","title":{"rendered":"DR MARKOVI\u0106: ZAPOSLENI U BOLNICI PRED ,,PUCANJEM&#8221;, NE ZNAMO KO JE BOLESTAN A KO JE ZDRAV, NE ZNAMO KO RUKOVODI BOLNICOM?!"},"content":{"rendered":"<p>\u0106UPRIJA- Ve\u010deras se redakciji javio predsednik Stru\u010dnog saveta Op\u0161te bolnice u \u0106upriji neurolog dr Aleksandar Markovi\u0107 koji je rekao da je utisak da je atmosfera jako lo\u0161a me\u0111u zdravstvenim radnicima, da su vu\u010deni neodgovorni potezi, veliki broj ljudi je jako nezadovoljan i atmosfera je pred pucanjem. Direktor i rukovodstvo su na le\u010denju ili u izolaciji, zaposleni ne zanju ko rukovodi ustanovom.<\/p>\n<p>-Situacija u bolnici nije najbolja, imamo na\u017ealost dosta obolelih kolega. Ve\u0107ina lekara smatra da je napravljeno vi\u0161e propusta u samom po\u010detku epidemije, da oni koji su sumnjivi, koji su do\u0161li u kontakt, nisu dovoljno brzo sklonjeni, ve\u0107 su nastavili da rade. Bolest se pro\u0161irila me\u0111u medicinskim kadrom. Sada se na zna koje zdrav, a ko je bolestan i svako na svakog sumnja. Imamo vi\u0161e ugro\u017eenih odeljenja, pre svega anestezija u kojoj 6 od 9 lekara bolesno, zatim nefrologija gde ne zna ko je sve bolestan, urologija gde su svi bolesni sem jedno lekara, veliki broj tehni\u010dara. Sti\u010de se utisak da je atmosfera jako lo\u0161a me\u0111u zdravstvenim radnicima, da su vu\u010deni neodgovorni potezi, veliki broj ljudi je jako nezadovoljan i atmosfera je pred pucanjem, ka\u017ee dr Markovi\u0107.<\/p>\n<div id='gallery-1' class='gallery galleryid-23176 gallery-columns-2 gallery-size-full'><figure class='gallery-item'>\n\t\t\t<div class='gallery-icon landscape'>\n\t\t\t\t<a href='https:\/\/centralmedia.rs\/index.php\/2020\/04\/01\/dr-markovic-zaposleni-u-bolnici-pred-pucanjem-ne-znamo-ko-je-bolestan-a-ko-je-zdrav-ne-znamo-ko-rukovodi-bolnicom\/zjz2\/'><img loading=\"lazy\" decoding=\"async\" width=\"1600\" height=\"778\" src=\"https:\/\/centralmedia.rs\/wp-content\/uploads\/2020\/04\/zjz2.jpg\" class=\"attachment-full size-full\" alt=\"\" srcset=\"https:\/\/centralmedia.rs\/wp-content\/uploads\/2020\/04\/zjz2.jpg 1600w, https:\/\/centralmedia.rs\/wp-content\/uploads\/2020\/04\/zjz2-300x146.jpg 300w, https:\/\/centralmedia.rs\/wp-content\/uploads\/2020\/04\/zjz2-768x373.jpg 768w, https:\/\/centralmedia.rs\/wp-content\/uploads\/2020\/04\/zjz2-1024x498.jpg 1024w, https:\/\/centralmedia.rs\/wp-content\/uploads\/2020\/04\/zjz2-864x420.jpg 864w, https:\/\/centralmedia.rs\/wp-content\/uploads\/2020\/04\/zjz2-640x311.jpg 640w, https:\/\/centralmedia.rs\/wp-content\/uploads\/2020\/04\/zjz2-681x331.jpg 681w\" sizes=\"(max-width: 1600px) 100vw, 1600px\" \/><\/a>\n\t\t\t<\/div><\/figure><figure class='gallery-item'>\n\t\t\t<div class='gallery-icon landscape'>\n\t\t\t\t<a href='https:\/\/centralmedia.rs\/index.php\/2020\/04\/01\/dr-markovic-zaposleni-u-bolnici-pred-pucanjem-ne-znamo-ko-je-bolestan-a-ko-je-zdrav-ne-znamo-ko-rukovodi-bolnicom\/zjz1\/'><img loading=\"lazy\" decoding=\"async\" width=\"1600\" height=\"778\" src=\"https:\/\/centralmedia.rs\/wp-content\/uploads\/2020\/04\/zjz1.jpg\" class=\"attachment-full size-full\" alt=\"\" srcset=\"https:\/\/centralmedia.rs\/wp-content\/uploads\/2020\/04\/zjz1.jpg 1600w, https:\/\/centralmedia.rs\/wp-content\/uploads\/2020\/04\/zjz1-300x146.jpg 300w, https:\/\/centralmedia.rs\/wp-content\/uploads\/2020\/04\/zjz1-768x373.jpg 768w, https:\/\/centralmedia.rs\/wp-content\/uploads\/2020\/04\/zjz1-1024x498.jpg 1024w, https:\/\/centralmedia.rs\/wp-content\/uploads\/2020\/04\/zjz1-864x420.jpg 864w, https:\/\/centralmedia.rs\/wp-content\/uploads\/2020\/04\/zjz1-640x311.jpg 640w, https:\/\/centralmedia.rs\/wp-content\/uploads\/2020\/04\/zjz1-681x331.jpg 681w\" sizes=\"(max-width: 1600px) 100vw, 1600px\" \/><\/a>\n\t\t\t<\/div><\/figure>\n\t\t<\/div>\n\n<p>&#8211; Svo osoblje je rezignirano, zbog situacije u koju je dovedeno i da u tome vidi krivce u menad\u017eementu bolnice.\u00a0 U ovom trenutku treba testirati sve zaposlene, zatvoriti sve kriti\u010dne ta\u010dke, a mo\u017eda i bolnicu dovesti pred prinudnu upravu. \u00a0Vi\u0161e puta je najavljivano testiranje zdravstvenih radnika, ali nikada nije sprovedeno. Danas nisu uzorkovani ljudi koji su imali apsolutne indikacije da budu uzorkovani, jer nije bilo epruveta ili tako ne\u010dega. Apsolutno broj onih koji je testiran, spram onih koji imaju klin\u010dku potrebu je zna\u010dajno manji, isti\u010de dr Markovi\u0107.<\/p>\n<p>Odeljenje onkologije nije u funkciji, jer je jedini lekar dr Vlada Pavlovi\u0107 pozitivan i na le\u010denju je u Beogradu, isto kao i urologija i anestezija, podse\u0107a dr Markovi\u0107.<\/p>\n<p>-Trebali ste da budete ovde kada jagodinski sanitet dovozi pacijenta, njihovi lekari su u skafanderima, a na\u0161i prihvataju sa rukavicama za jednokratnu upotrebu i obi\u010dnim maskama. Mi smo ovo do\u010dekali bez osnovnih sredstava za li\u010dnu za\u0161titu to je broj jedan i broj dva sama organizacija pri pojavi bolesti je bila lo\u0161a, tako da su pome\u0161ani oni koji su do\u0161li u kontakt, provereno bolesni, \u00a0sa zdravima. Bukvalno svakog dana imamo po nekoliko ljudi koji se razbole, koji budu izba\u010deni iz funkcije. U ovom trenutku nemamo rukovodstvo, direktor je poslat za Beograd zato \u0161to je bolestan, a njegova dva pomo\u0107nika su u izolaciji jer su bili u kontaktu. Mi ne znamo ko vodi bolnicom, nisu se javljali na telefon kada su zvani. Ne znam ko vodi bolnicu, mo\u017eda oni daljinski telefonom, na neki na\u010din, ali ako su u izolaciji ne znam ko rukovodi bolnicom, rezignirano pri\u010da dr Markovi\u0107.<\/p>\n","protected":false},"excerpt":{"rendered":"<p>\u0106UPRIJA- Ve\u010deras se redakciji javio predsednik Stru\u010dnog saveta Op\u0161te bolnice u \u0106upriji neurolog dr Aleksandar Markovi\u0107 koji je rekao da je utisak da je atmosfera &hellip; <\/p>\n","protected":false},"author":2,"featured_media":23178,"comment_status":"open","ping_status":"open","sticky":false,"template":"","format":"standard","meta":{"footnotes":""},"categories":[1515,28,1524,2,12],"tags":[135,44,4533],"_links":{"self":[{"href":"https:\/\/centralmedia.rs\/index.php\/wp-json\/wp\/v2\/posts\/23176"}],"collection":[{"href":"https:\/\/centralmedia.rs\/index.php\/wp-json\/wp\/v2\/posts"}],"about":[{"href":"https:\/\/centralmedia.rs\/index.php\/wp-json\/wp\/v2\/types\/post"}],"author":[{"embeddable":true,"href":"https:\/\/centralmedia.rs\/index.php\/wp-json\/wp\/v2\/users\/2"}],"replies":[{"embeddable":true,"href":"https:\/\/centralmedia.rs\/index.php\/wp-json\/wp\/v2\/comments?post=23176"}],"version-history":[{"count":4,"href":"https:\/\/centralmedia.rs\/index.php\/wp-json\/wp\/v2\/posts\/23176\/revisions"}],"predecessor-version":[{"id":23184,"href":"https:\/\/centralmedia.rs\/index.php\/wp-json\/wp\/v2\/posts\/23176\/revisions\/23184"}],"wp:featuredmedia":[{"embeddable":true,"href":"https:\/\/centralmedia.rs\/index.php\/wp-json\/wp\/v2\/media\/23178"}],"wp:attachment":[{"href":"https:\/\/centralmedia.rs\/index.php\/wp-json\/wp\/v2\/media?parent=23176"}],"wp:term":[{"taxonomy":"category","embeddable":true,"href":"https:\/\/centralmedia.rs\/index.php\/wp-json\/wp\/v2\/categories?post=23176"},{"taxonomy":"post_tag","embeddable":true,"href":"https:\/\/centralmedia.rs\/index.php\/wp-json\/wp\/v2\/tags?post=23176"}],"curies":[{"name":"wp","href":"https:\/\/api.w.org\/{rel}","templated":true}]}}