{"id":23185,"date":"2020-04-02T16:19:31","date_gmt":"2020-04-02T16:19:31","guid":{"rendered":"http:\/\/centralmedia.rs\/?p=23185"},"modified":"2020-04-03T20:17:42","modified_gmt":"2020-04-03T20:17:42","slug":"eric-ocekuje-nas-znacajan-porast-obolelih-od-covid-19","status":"publish","type":"post","link":"https:\/\/centralmedia.rs\/index.php\/2020\/04\/02\/eric-ocekuje-nas-znacajan-porast-obolelih-od-covid-19\/","title":{"rendered":"ERI\u0106: O\u010cEKUJE NAS ZNA\u010cAJAN PORAST OBOLELIH OD COVID-19"},"content":{"rendered":"<p>\u0106UPRIJA- Predsednik op\u0161tine \u0106uprija i komandant \u0160taba za vanredne situacije Ninoslav Eri\u0107 objavio je da je danas obezbe\u0111en ,,veliki broj podloga za uzorkovanje, hvala svima koji su nam pomogli u akciji da testiramo \u0161to vi\u0161e na\u0161ih zdravstvenih radnika&#8221;.<\/p>\n<p>&#8211; Sti\u017eu nam i testovi iz Kine, koje \u0107e nam obezbediti i donirati Eurofiber i D\u017eong \u0106ao Keji.O\u010dekuje nas zna\u010dajan porast obolelih od COVID-19, zato \u0161to smo danas prevazi\u0161li sami sebe po broju uzoraka.<\/p>\n<p>Dana\u0161nji rezultat zaklju\u010dno sa 01.04.2020.<br \/>\n\u0106uprija 53 potvr\u0111enih na COVID-19;<br \/>\nPara\u0107in 14 potvr\u0111enih na COVID-19;<br \/>\nJagodina 9 potvr\u0111enih na COVID-19.<br \/>\nRekovac 2 potvr\u0111ena na COVID-19;<br \/>\nSvilajnac 1 potvr\u0111en na COVID-19;<br \/>\nDespotovac 1 potvr\u0111en na COVID-19;, napisao je Eri\u0107 na dru\u0161tvenim mre\u017eama<\/p>\n<p>U dnevniku RTS u 12 sati danas je objavljeno da se ve\u0107ina zdravstvenih radnika u \u0106upriji izjasnili u epidemiolo\u0161koj anketi da su se zarazili novim korona virusom van zdravstvenih ustanova i da je upravo to bio jedan od razloga zbog koga se \u0160tab za vanredne situacije u tom gradu odlu\u010dio da preporu\u010di sveobuhvatno testiranje, prioritet za uzorkovanje bi\u0107e zdravstveni radnici sa odeljenja gde je potvr\u0111eno da je medicinsko osoblje zara\u017eeno virusom.<\/p>\n","protected":false},"excerpt":{"rendered":"<p>\u0106UPRIJA- Predsednik op\u0161tine \u0106uprija i komandant \u0160taba za vanredne situacije Ninoslav Eri\u0107 objavio je da je danas obezbe\u0111en ,,veliki broj podloga za uzorkovanje, hvala svima &hellip; <\/p>\n","protected":false},"author":2,"featured_media":23186,"comment_status":"open","ping_status":"open","sticky":false,"template":"","format":"standard","meta":{"footnotes":""},"categories":[1515,14,1524,2,12],"tags":[4441,44,759,4515],"_links":{"self":[{"href":"https:\/\/centralmedia.rs\/index.php\/wp-json\/wp\/v2\/posts\/23185"}],"collection":[{"href":"https:\/\/centralmedia.rs\/index.php\/wp-json\/wp\/v2\/posts"}],"about":[{"href":"https:\/\/centralmedia.rs\/index.php\/wp-json\/wp\/v2\/types\/post"}],"author":[{"embeddable":true,"href":"https:\/\/centralmedia.rs\/index.php\/wp-json\/wp\/v2\/users\/2"}],"replies":[{"embeddable":true,"href":"https:\/\/centralmedia.rs\/index.php\/wp-json\/wp\/v2\/comments?post=23185"}],"version-history":[{"count":2,"href":"https:\/\/centralmedia.rs\/index.php\/wp-json\/wp\/v2\/posts\/23185\/revisions"}],"predecessor-version":[{"id":23188,"href":"https:\/\/centralmedia.rs\/index.php\/wp-json\/wp\/v2\/posts\/23185\/revisions\/23188"}],"wp:featuredmedia":[{"embeddable":true,"href":"https:\/\/centralmedia.rs\/index.php\/wp-json\/wp\/v2\/media\/23186"}],"wp:attachment":[{"href":"https:\/\/centralmedia.rs\/index.php\/wp-json\/wp\/v2\/media?parent=23185"}],"wp:term":[{"taxonomy":"category","embeddable":true,"href":"https:\/\/centralmedia.rs\/index.php\/wp-json\/wp\/v2\/categories?post=23185"},{"taxonomy":"post_tag","embeddable":true,"href":"https:\/\/centralmedia.rs\/index.php\/wp-json\/wp\/v2\/tags?post=23185"}],"curies":[{"name":"wp","href":"https:\/\/api.w.org\/{rel}","templated":true}]}}