{"id":23196,"date":"2020-04-02T17:07:24","date_gmt":"2020-04-02T17:07:24","guid":{"rendered":"http:\/\/centralmedia.rs\/?p=23196"},"modified":"2020-04-08T14:53:22","modified_gmt":"2020-04-08T14:53:22","slug":"pomoc-na-osnovu-socijalne-karte","status":"publish","type":"post","link":"https:\/\/centralmedia.rs\/index.php\/2020\/04\/02\/pomoc-na-osnovu-socijalne-karte\/","title":{"rendered":"POMO\u0106 NA OSNOVU SOCIJALNE KARTE"},"content":{"rendered":"<p>PARA\u0106IN-Prva koli\u010dina paketa pomo\u0107i je ve\u0107 podeljena u Para\u0107inu, a za vikend pomo\u0107 dobija jo\u0161 550 porodica, najavio je komandant \u0160taba za vanredne situacije Sa\u0161a Paunovi\u0107.<\/p>\n<p>&#8211; Svakog dana sti\u017eu nove koli\u010dine i akcija se nastavlja narednih nedelja. Na osnovu socijalne karte koju je izradio Centar za socijalni rad, kojom su obuhve\u0107ene sve gradske i seoske mesne zajednice, traje podela paketa pomo\u0107i. Prva podela namenjena je samohranim stara\u010dkim jedno\u010dlanim ili dvo\u010dlanim doma\u0107instvima sa prihodima ispod 20 hiljada dinara mese\u010dno, a zatim se pomo\u0107 deli i ostalim licima\/doma\u0107instvima po evidenciji iz socijalne karte. Lica koja smatraju da nisu obuhva\u0107ena socijalnom kartom iako ispunjavaju uslove da se na\u0111u na ovoj evidenciji mogu da podnesu zahtev formular, elektronskom po\u0161tom ili telefonom, svaki zahtev proveri\u0107e Centar za socijalni rad i odlu\u010diti o dodeli pomo\u0107i, navodi Paunovi\u0107.<\/p>\n<div id='gallery-1' class='gallery galleryid-23196 gallery-columns-2 gallery-size-thumbnail'><figure class='gallery-item'>\n\t\t\t<div class='gallery-icon landscape'>\n\t\t\t\t<a href='https:\/\/centralmedia.rs\/index.php\/2020\/04\/02\/pomoc-na-osnovu-socijalne-karte\/pomoc-9\/'><img loading=\"lazy\" decoding=\"async\" width=\"150\" height=\"150\" src=\"https:\/\/centralmedia.rs\/wp-content\/uploads\/2020\/04\/pomoc-150x150.jpg\" class=\"attachment-thumbnail size-thumbnail\" alt=\"\" \/><\/a>\n\t\t\t<\/div><\/figure><figure class='gallery-item'>\n\t\t\t<div class='gallery-icon landscape'>\n\t\t\t\t<a href='https:\/\/centralmedia.rs\/index.php\/2020\/04\/02\/pomoc-na-osnovu-socijalne-karte\/pomoc1\/'><img loading=\"lazy\" decoding=\"async\" width=\"150\" height=\"150\" src=\"https:\/\/centralmedia.rs\/wp-content\/uploads\/2020\/04\/pomoc1-150x150.jpg\" class=\"attachment-thumbnail size-thumbnail\" alt=\"\" \/><\/a>\n\t\t\t<\/div><\/figure>\n\t\t<\/div>\n\n","protected":false},"excerpt":{"rendered":"<p>PARA\u0106IN-Prva koli\u010dina paketa pomo\u0107i je ve\u0107 podeljena u Para\u0107inu, a za vikend pomo\u0107 dobija jo\u0161 550 porodica, najavio je komandant \u0160taba za vanredne situacije Sa\u0161a &hellip; <\/p>\n","protected":false},"author":2,"featured_media":23197,"comment_status":"open","ping_status":"open","sticky":false,"template":"","format":"standard","meta":{"footnotes":""},"categories":[1524,2,1516,887,16,12],"tags":[156,172,4535],"_links":{"self":[{"href":"https:\/\/centralmedia.rs\/index.php\/wp-json\/wp\/v2\/posts\/23196"}],"collection":[{"href":"https:\/\/centralmedia.rs\/index.php\/wp-json\/wp\/v2\/posts"}],"about":[{"href":"https:\/\/centralmedia.rs\/index.php\/wp-json\/wp\/v2\/types\/post"}],"author":[{"embeddable":true,"href":"https:\/\/centralmedia.rs\/index.php\/wp-json\/wp\/v2\/users\/2"}],"replies":[{"embeddable":true,"href":"https:\/\/centralmedia.rs\/index.php\/wp-json\/wp\/v2\/comments?post=23196"}],"version-history":[{"count":2,"href":"https:\/\/centralmedia.rs\/index.php\/wp-json\/wp\/v2\/posts\/23196\/revisions"}],"predecessor-version":[{"id":23201,"href":"https:\/\/centralmedia.rs\/index.php\/wp-json\/wp\/v2\/posts\/23196\/revisions\/23201"}],"wp:featuredmedia":[{"embeddable":true,"href":"https:\/\/centralmedia.rs\/index.php\/wp-json\/wp\/v2\/media\/23197"}],"wp:attachment":[{"href":"https:\/\/centralmedia.rs\/index.php\/wp-json\/wp\/v2\/media?parent=23196"}],"wp:term":[{"taxonomy":"category","embeddable":true,"href":"https:\/\/centralmedia.rs\/index.php\/wp-json\/wp\/v2\/categories?post=23196"},{"taxonomy":"post_tag","embeddable":true,"href":"https:\/\/centralmedia.rs\/index.php\/wp-json\/wp\/v2\/tags?post=23196"}],"curies":[{"name":"wp","href":"https:\/\/api.w.org\/{rel}","templated":true}]}}