{"id":23202,"date":"2020-04-02T18:46:11","date_gmt":"2020-04-02T18:46:11","guid":{"rendered":"http:\/\/centralmedia.rs\/?p=23202"},"modified":"2020-04-03T20:17:55","modified_gmt":"2020-04-03T20:17:55","slug":"slucaj-korone-u-despotovcu","status":"publish","type":"post","link":"https:\/\/centralmedia.rs\/index.php\/2020\/04\/02\/slucaj-korone-u-despotovcu\/","title":{"rendered":"SLU\u010cAJ KORONE U DESPOTOVCU"},"content":{"rendered":"<p>DESPOTOVAC- Direktor Doma zdravlja u Despotovcu izjavio je da je na teritoriji te op\u0161tine u prethodnom periodu registrovan je jedan slu\u010daj obolelog od Covid-19 \u2013 korona virusa, i to kod porodice \u010diji je jedan \u010dlan do\u0161ao iz grada Beograda. Na sumnju lekara hitne slu\u017ebe reagovalo se tako \u0161to je pacijent sme\u0161ten u OB \u0106uprija, a porodici je propisana ku\u0107na izolacija.<\/p>\n<p>Osim ovog slu\u010daja, pojavio se jo\u0161 jedan oboleli i to povezivan sa naseljem Resavica. Kako navedena osoba, koja je obolela, \u017eivi na teritoriji op\u0161tine \u0106uprija, kao i cela porodica navedene osobe, a veza sa op\u0161tinom Despotovac je samo ta \u0161to je ro\u0111ena u op\u0161tini Despotovac, taj slu\u010daj se ne ubraja u zvani\u010dnu statistiku obolelih u op\u0161tini Despotovac.<\/p>\n","protected":false},"excerpt":{"rendered":"<p>DESPOTOVAC- Direktor Doma zdravlja u Despotovcu izjavio je da je na teritoriji te op\u0161tine u prethodnom periodu registrovan je jedan slu\u010daj obolelog od Covid-19 \u2013 &hellip; <\/p>\n","protected":false},"author":2,"featured_media":23203,"comment_status":"open","ping_status":"open","sticky":false,"template":"","format":"standard","meta":{"footnotes":""},"categories":[1518,28,1524,2,12],"tags":[51,4440],"_links":{"self":[{"href":"https:\/\/centralmedia.rs\/index.php\/wp-json\/wp\/v2\/posts\/23202"}],"collection":[{"href":"https:\/\/centralmedia.rs\/index.php\/wp-json\/wp\/v2\/posts"}],"about":[{"href":"https:\/\/centralmedia.rs\/index.php\/wp-json\/wp\/v2\/types\/post"}],"author":[{"embeddable":true,"href":"https:\/\/centralmedia.rs\/index.php\/wp-json\/wp\/v2\/users\/2"}],"replies":[{"embeddable":true,"href":"https:\/\/centralmedia.rs\/index.php\/wp-json\/wp\/v2\/comments?post=23202"}],"version-history":[{"count":1,"href":"https:\/\/centralmedia.rs\/index.php\/wp-json\/wp\/v2\/posts\/23202\/revisions"}],"predecessor-version":[{"id":23204,"href":"https:\/\/centralmedia.rs\/index.php\/wp-json\/wp\/v2\/posts\/23202\/revisions\/23204"}],"wp:featuredmedia":[{"embeddable":true,"href":"https:\/\/centralmedia.rs\/index.php\/wp-json\/wp\/v2\/media\/23203"}],"wp:attachment":[{"href":"https:\/\/centralmedia.rs\/index.php\/wp-json\/wp\/v2\/media?parent=23202"}],"wp:term":[{"taxonomy":"category","embeddable":true,"href":"https:\/\/centralmedia.rs\/index.php\/wp-json\/wp\/v2\/categories?post=23202"},{"taxonomy":"post_tag","embeddable":true,"href":"https:\/\/centralmedia.rs\/index.php\/wp-json\/wp\/v2\/tags?post=23202"}],"curies":[{"name":"wp","href":"https:\/\/api.w.org\/{rel}","templated":true}]}}