{"id":23205,"date":"2020-04-02T20:31:27","date_gmt":"2020-04-02T20:31:27","guid":{"rendered":"http:\/\/centralmedia.rs\/?p=23205"},"modified":"2020-04-08T14:53:30","modified_gmt":"2020-04-08T14:53:30","slug":"dr-jovanovic-zarazili-smo-se-na-radnom-mestu-u-cuprijskoj-bolnici","status":"publish","type":"post","link":"https:\/\/centralmedia.rs\/index.php\/2020\/04\/02\/dr-jovanovic-zarazili-smo-se-na-radnom-mestu-u-cuprijskoj-bolnici\/","title":{"rendered":"DR JOVANOVI\u0106: ZARAZILI SMO SE NA RADNOM MESTU U \u0106UPRIJSKOJ BOLNICI"},"content":{"rendered":"<p>\u0106UPRIJA-Mi smo se svi zarazili u bolnici, mo\u017ede ne svi u direktnom kontaktu sa zara\u017eenim pacijentima, neki jesu, ali ostali su se zarazili u me\u0111usobnom kontaktu, rekao je anesteziolog u Op\u0161toj bolnici u \u0106upriji dr Alaksandar\u00a0 Jovanovi\u0107 (32) demantuju\u0107i sve zvani\u010dnike koji tvrde da je bilo druga\u010dije.<\/p>\n<p>-Demantujem infomaciju sa RTS-a u smislu da je najve\u0107i broj zdravstvenih radnika zara\u017een van bolnice. To nije ta\u010dno, mi smo se svi zarazili u bolnici.Niko od nas, ljudi sa kojima radim, nije se zarazio van bolnice. Nije poenta da zdravstveni radnici ne po\u0161tuju preporuke, da \u0161etaju.\u00a0 Ne znam da li se \u017eeli da se prikrije da je propust bio u organizaciji posla i u nedostatku za\u0161titne opreme ili mo\u017eda svale krivicu na nas. Li\u010dno sam rezigniran, jer su zdravstevni radnici dovoljno obla\u0107eni u ovoj dr\u017eavi, da zasita nema potrebe za takvom pri\u010dom da smo mi krivi \u0161to smo se zarazili ili nismo po\u0161tovali zdravstvene mere. Mi smo se zarazili na svom radnom mestu, tvrdi dr Jovanovi\u0107.<\/p>\n<p>Mladi lekar \u0107uprijske bolnice predla\u017ee da se izlaz iz ove situacije potra\u017ei u pomo\u0107i kolega iz susednih gradova da se prevazi\u0111e krizna situacija ili da se bolnica zatvori na neki period.<\/p>\n<p>&#8211; Dobio sam prve simptome u no\u0107i 22\/23. marta, nisam radio, javio sam da sam bolestan, ali nisu hteli da me testiraju jer sam imao samo povi\u0161enu temperaturu. Javio sam se epidemiologu koji mi je rekao da ostanem ku\u0107i, ali sa posla su mi kazali da u subotu po\u010dnem sa radom bez naloga, jer su prekinuti godi\u0161nji odmori, a nisam dobio epidemiolo\u0161ki nalog za samoizolaciju. Koleginica je u subotu ujutu bila pozitivna i doneta je odluka da svi budemo testirani. U nedelju nas nisu testirali pod izgovorom da ne \u0161alju briseve. Testirani smo u ponedeljak i u utorak sam saznao da sam pozitivan na koronu, tada mi je javljeno za samoizolaciju, svedo\u010di dr Jovanovi\u0107.<\/p>\n<p>Od osmoro anesteziologa petoro su pozitivni na korona virus, kao i tehni\u010dar-anesteti\u010dar, te sestra iz \u0161ok sobe.<\/p>\n<p>&#8211; Koleginicama koje su bile negativne je nalo\u017eena samoizolacija, koliko imam informaciju do\u0161ao je anesteziolog iz Jagodine. Ni\u0161ta od kriti\u010dnih stanja ne mo\u017ee da bude zbrinuto ukoliko u bolinici ne postoji anesteziolog, obja\u0161njava dr Jovanovi\u0107.<\/p>\n<p>Opremu iz protokola, ka\u017ee dr Jovanovi\u0107, posle uvo\u0111enja vanrednog stanja zaposleni nisu ni videli, tek nekoliko dana posle prijema prvog pacijenta koji je bio sumnjiv na covid-19.<\/p>\n<p>-Tada se pojavila oprema za jednokratnu upotrebu, ne\u0161to sterilnih mantila. Ni\u0161ta nismo dobili od preporu\u010dene opreme koja treba da se koristi, od za\u0161titnih skafandera, maski, nao\u010dara. Ne\u0161to je po\u010delo da se nabavlja tek kada smo stavljeni pred svr\u0161en \u010din. Me\u0111utim, jenjava cela pri\u010da kako se ispostavilo da\u00a0 je prvi pacijent bio negativan. U tom trenutku imali smo malu koli\u010dinu jednokratnih maski i rukavica. Skafandere, koji su predvi\u0111eni za kontak sa potvr\u0111enima na korona virus, prvi put su kolege dobile prilikom transporta za Beograd. Ni\u0161ta nismo imali pripremljeno \u0161ta se radi u kontaktu sa prvim pacijentom, \u010dak ni posle toga nismo dobili skafandere, ve\u0107 samo hiru\u0161ke mantile. Tra\u017eili smo opremu, zahtevali redukciju zaposlenih, \u0161to je ispunjeno posle desetak dana. U prostorijama je boravilo 6,7 lekara i desetak tehni\u010dara, prise\u0107a se dr Jovanovi\u0107.<\/p>\n","protected":false},"excerpt":{"rendered":"<p>\u0106UPRIJA-Mi smo se svi zarazili u bolnici, mo\u017ede ne svi u direktnom kontaktu sa zara\u017eenim pacijentima, neki jesu, ali ostali su se zarazili u me\u0111usobnom &hellip; <\/p>\n","protected":false},"author":2,"featured_media":23180,"comment_status":"open","ping_status":"open","sticky":false,"template":"","format":"standard","meta":{"footnotes":""},"categories":[1515,28,1524,2,12],"tags":[4536,44,4537],"_links":{"self":[{"href":"https:\/\/centralmedia.rs\/index.php\/wp-json\/wp\/v2\/posts\/23205"}],"collection":[{"href":"https:\/\/centralmedia.rs\/index.php\/wp-json\/wp\/v2\/posts"}],"about":[{"href":"https:\/\/centralmedia.rs\/index.php\/wp-json\/wp\/v2\/types\/post"}],"author":[{"embeddable":true,"href":"https:\/\/centralmedia.rs\/index.php\/wp-json\/wp\/v2\/users\/2"}],"replies":[{"embeddable":true,"href":"https:\/\/centralmedia.rs\/index.php\/wp-json\/wp\/v2\/comments?post=23205"}],"version-history":[{"count":1,"href":"https:\/\/centralmedia.rs\/index.php\/wp-json\/wp\/v2\/posts\/23205\/revisions"}],"predecessor-version":[{"id":23206,"href":"https:\/\/centralmedia.rs\/index.php\/wp-json\/wp\/v2\/posts\/23205\/revisions\/23206"}],"wp:featuredmedia":[{"embeddable":true,"href":"https:\/\/centralmedia.rs\/index.php\/wp-json\/wp\/v2\/media\/23180"}],"wp:attachment":[{"href":"https:\/\/centralmedia.rs\/index.php\/wp-json\/wp\/v2\/media?parent=23205"}],"wp:term":[{"taxonomy":"category","embeddable":true,"href":"https:\/\/centralmedia.rs\/index.php\/wp-json\/wp\/v2\/categories?post=23205"},{"taxonomy":"post_tag","embeddable":true,"href":"https:\/\/centralmedia.rs\/index.php\/wp-json\/wp\/v2\/tags?post=23205"}],"curies":[{"name":"wp","href":"https:\/\/api.w.org\/{rel}","templated":true}]}}