{"id":23217,"date":"2020-04-03T18:23:14","date_gmt":"2020-04-03T18:23:14","guid":{"rendered":"http:\/\/centralmedia.rs\/?p=23217"},"modified":"2020-04-08T14:54:23","modified_gmt":"2020-04-08T14:54:23","slug":"dr-milojevic-intervjui-lekara-objavljeni-na-portalu-centralmedia-rs-pokusaj-politizacije-i-ogromne-destabilizacije-bolnice-u-cupriji","status":"publish","type":"post","link":"https:\/\/centralmedia.rs\/index.php\/2020\/04\/03\/dr-milojevic-intervjui-lekara-objavljeni-na-portalu-centralmedia-rs-pokusaj-politizacije-i-ogromne-destabilizacije-bolnice-u-cupriji\/","title":{"rendered":"DR MILOJEVI\u0106: INTERVJUI LEKARA OBJAVLJENI NA PORTALU CENTRALMEDIA.RS, POKU\u0160AJ POLITIZACIJE I OGROMNE DESTABILIZACIJE BOLNICE U \u0106UPRIJI"},"content":{"rendered":"<p>\u0106UPRIJA- Novi vd direktor Op\u0161te bolnice u \u0106upriji dr Ivan Milojevi\u0107 intervjue trojice lekara iz te bolnice za internet centralmedia.rs u kojima su ukazali na propuste u radu te bolnice na po\u010detku epidemije covid-19, ocenio kao dezinformacije i poluistine, odnosno ,,poku\u0161aj politizacije slu\u010daja i ogromne destabilizacije bolnice \u0106uprija&#8221;.<br \/>\n-Dr Predrag Drenovakovi\u0107 tvrdi da ga neko terao da radi bolestan, u najmanju ruku neodgovorna izjava. Da li mislite da postoji neko ko bi nekog terao da radi bolestan? Kada sam bolestan otvorim bolovanje i donesem doznake i na bolovanju sam. Ako si bolestan otvori\u0161 bolovanje i le\u010di\u0161 se, kada zavr\u0161i\u0161 le\u010denje zatvori\u0161 bolovanje i vrati\u0161 se. Da li zvu\u010di logi\u010dno da u epidemiji korona virusa neko nekog natera da radi bolestan? Mnogo je velika spekulacija da neko ko to nije uradio, tvrdi da je nateran da radi bolestan? Neozbiljno je tvrditi da te neko tera da radi\u0161 bolestan. Cela pri\u010da je vrlo zlonamerna. Razumem rezignaciju kada kolega umre, ali ne razumem preterivanje, iskreno ne razumem politizaciju celog slu\u010daja. Ovo je o\u010digledno u nekim izjavama, naro\u010dito kod dr Drenovakovi\u0107a. Poku\u0161aj politizacije slu\u010daja, ogromne destabilizacije bolnice \u0106uprija sa ambicijom da ,,ponovo budem direktor&#8221;. Da li je mogu\u0107e da neko koristi epidemiju korona virusa, u kojoj ne znamo ko \u0107e sutradan biti \u017eiv, a ko mrtav?, rekao je dr Milojevi\u0107.<br \/>\nLekari nisu imali pravo da daju izjave za medije, tvrdi dr Milojevi\u0107.<br \/>\n-Kolege dr Drenovakovi\u0107 i dr Aleksandar Jovanovi\u0107 su u izolaciji i nisu imali pravo po Statutu bolnice da daju izjave i po kodeksu, naro\u010dito ne u vanrednom stanju. Direktor i onaj koga on ovlasti mogu da daju izjave. Nemaju prava to da rade i ne smeju. Ovo je vreme epidemije, te\u0161ko u celom svetu, pa i u Srbiji. Gledamo razna scenarija. Ovo nije vreme za politi\u010dke bitke, osvetoljubive pri\u010de, ispoljavanje raznih ambicija, sada je vreme da zdravstveni radnici zajedno rade, ovo je na\u0161a ku\u0107a. Cela pri\u010da sa dezinformacijama, nije u pitanju ka\u017enjavanje, ali poluinfomacije i dezinformacije, kada svi ljudi strahuju za zdravlje, di\u017eu paniku me\u0111u ljudima. Nije vreme za senzacije. Nije normalno da \u010doveku koji je pozitivan na koronu \u0161aljem disciplinsku prijavu, smatram da nije normalno. Cenim slobodu govora i \u010dovek mora da ima svoja prava kakva god da je situacija. Slu\u010daj koji je se pominje da je kao prvi u\u0161ao ovde, imao je sr\u010danu i bubre\u017enu bolest, bio je negativan. Pacijent koga pominje dr Jovanovi\u0107 je le\u010den u \u0161ok sobi, komplikovan bolesnik, preminuo i dokazano negativan. To \u0161to ka\u017ee dr Jovanovi\u0107 ukazuje da on sumnja da je test bio stvarno negativan, kada bi svi sumnjali u PSR testove, to su najsavr\u0161eniji testovi, pri\u010da dr Milojevi\u0107.<br \/>\nOsvrt predsednika Stru\u010dnog sveta bolnice dr Aleksandra Markovi\u0107a da je situacija u bolnici pred pucanjem, da se ne zna ko rukovodi, sumnja da su se dogodili propusti menad\u017ementa &#8230; dr Milojevi\u0107 je kao subjektivni utisak.<br \/>\n-Dr Markovi\u0107 je rekao da je ,,situacija pred pucanjem&#8221; mislio da su zaposleni napeti, u strahu, situacija je takva, ogroman broj pacijenata iz Pomoravskog okruga je zbrinula \u0107uprijska bolnica. Mi smo imali ogroman broj korona pacijenata koje smo svi mi radili, ljudima je te\u0161ko, stresna je situacija, slu\u0161ate da neko ima smrtonosni virus. Ako je ,,pred pucanjem&#8221; tako je celom svetu, svuda, ali dodavanje panike na sve to. Situacija je lo\u0161a svuda generalno, zato \u0161to imamo epidemiju. Mislim da je subjektivni utiska dr Markovi\u0107a o atmosferi, ali ne mogu da negiram da nema straha kod ljudi, ko se ne pla\u0161i u ovo vreme ima neki problem sa sobom. Verujem da nije bilo propusta menad\u017ementa u ovom periodu jer smo se apsolutno vladali po onome \u0161to smo dobili kao uputstvo, imali smo normalnu opremu za zbrinjavnje, protokole za zbrinjavanje koje smo pratili i pre nego \u0161to se pojavio prvi pacijent. Iskreno ne mogu da ka\u017eem da je bilo propusta. Nije sve idealno, ali subjektivni do\u017eivljaj straha kod ljudi iznosi duga\u010diju atmosferu. U svakoj vojsci ima dezertera i me\u0111u zdravstvenim radnicima ima tih ljudi. Nije ovo vreme da bilo koga krivimo, ljudi su upla\u0161eni i da im pomognemo da to prevazi\u0111u, isti\u010de dr Milojevi\u0107.<br \/>\nNedovoljna opremljenost zaposlenih tako\u0111e je bila jedna od zamerki njegovih kolega.<br \/>\n-Na\u0161 najte\u017ei gubitak je smrt dr Gorana Ivankovi\u0107a, svima nam je bio prijatelj. Svi \u0107emo mi da radimo. Negativne informacije o li\u010dnoj za\u0161titnoj opremi, koje imamo od po\u010detka. Ljudi stalno tra\u017ee. Stalno se vrti informacija kako je nema dovoljno, a postoji protokol koji je podeljen svima 5. marta. Pi\u0161e \u0161ta na kom niovu neko treba da ima od opreme. To je kao kada budete 2 minuta na suncu, a tra\u017eite faktor 50 jer se pla\u0161ite da ne izgorite ili da ne dobijete rak. Gledaju\u0107i uputstvo Ministarstva zdravlja svi su od samog po\u010detka bili spremni za ono \u0161to treba i to je od slu\u017ebe do slu\u017ebe druga\u010dije. Imamo dve posebne trija\u017ee, ljudi se ne me\u0161aju, napominje dr Milojevi\u0107.<br \/>\nPitanje za\u0161to se menad\u017ement Op\u0161te bolnice u \u0106upriji do sada obra\u0107ao javnosti samo preko jednog lokalnog medija, bliskog vladaju\u0107oj stranci, a da su drugi mediji ostavljani bez odgovora na pitanja, dr Milojevi\u0107 nije \u017eeleo da komentari\u0161e i time je dovoljno i sve rekao. Van funkcije je u ovom trenutku je nekoliko odeljenja te bolnice i veliki broj zdravstvenih radnika.<\/p>\n","protected":false},"excerpt":{"rendered":"<p>\u0106UPRIJA- Novi vd direktor Op\u0161te bolnice u \u0106upriji dr Ivan Milojevi\u0107 intervjue trojice lekara iz te bolnice za internet centralmedia.rs u kojima su ukazali na &hellip; <\/p>\n","protected":false},"author":2,"featured_media":23218,"comment_status":"open","ping_status":"open","sticky":false,"template":"","format":"standard","meta":{"footnotes":""},"categories":[1515,28,1524,2,12],"tags":[44,4538,472,4539],"_links":{"self":[{"href":"https:\/\/centralmedia.rs\/index.php\/wp-json\/wp\/v2\/posts\/23217"}],"collection":[{"href":"https:\/\/centralmedia.rs\/index.php\/wp-json\/wp\/v2\/posts"}],"about":[{"href":"https:\/\/centralmedia.rs\/index.php\/wp-json\/wp\/v2\/types\/post"}],"author":[{"embeddable":true,"href":"https:\/\/centralmedia.rs\/index.php\/wp-json\/wp\/v2\/users\/2"}],"replies":[{"embeddable":true,"href":"https:\/\/centralmedia.rs\/index.php\/wp-json\/wp\/v2\/comments?post=23217"}],"version-history":[{"count":6,"href":"https:\/\/centralmedia.rs\/index.php\/wp-json\/wp\/v2\/posts\/23217\/revisions"}],"predecessor-version":[{"id":23224,"href":"https:\/\/centralmedia.rs\/index.php\/wp-json\/wp\/v2\/posts\/23217\/revisions\/23224"}],"wp:featuredmedia":[{"embeddable":true,"href":"https:\/\/centralmedia.rs\/index.php\/wp-json\/wp\/v2\/media\/23218"}],"wp:attachment":[{"href":"https:\/\/centralmedia.rs\/index.php\/wp-json\/wp\/v2\/media?parent=23217"}],"wp:term":[{"taxonomy":"category","embeddable":true,"href":"https:\/\/centralmedia.rs\/index.php\/wp-json\/wp\/v2\/categories?post=23217"},{"taxonomy":"post_tag","embeddable":true,"href":"https:\/\/centralmedia.rs\/index.php\/wp-json\/wp\/v2\/tags?post=23217"}],"curies":[{"name":"wp","href":"https:\/\/api.w.org\/{rel}","templated":true}]}}