{"id":23225,"date":"2020-04-03T19:44:34","date_gmt":"2020-04-03T19:44:34","guid":{"rendered":"http:\/\/centralmedia.rs\/?p=23225"},"modified":"2020-04-08T14:54:01","modified_gmt":"2020-04-08T14:54:01","slug":"u-cuprijskim-zdravstvenim-ustanovama-vise-od-20-pozitivnih-na-koronu-vise-desetina-u-izolaciji","status":"publish","type":"post","link":"https:\/\/centralmedia.rs\/index.php\/2020\/04\/03\/u-cuprijskim-zdravstvenim-ustanovama-vise-od-20-pozitivnih-na-koronu-vise-desetina-u-izolaciji\/","title":{"rendered":"U \u0106UPRIJSKIM ZDRAVSTVENIM USTANOVAMA VI\u0160E OD 20 POZITIVNIH NA KORONU, VI\u0160E DESETINA U IZOLACIJI"},"content":{"rendered":"<p>\u0106UPRIJA- Vi\u0161e od 20 zdravstevnih radnika iz Op\u0161te bolnice, Doma zdravlja i ZJZ iz \u0106uprije je pozitivno na novi korona virus, a njih vi\u0161e desetina dobilo ili \u0107e dobiti re\u0161enja o izolaciji zbog kontakta.<\/p>\n<p>&#8211; Rat cele struke, kao vojske kada ratuju, tako je nama sada. Imamo potvr\u0111eno zara\u017eenih 18 radnika iz Op\u0161te bolnice, 10 je u izolaciji bez ili sa lak\u0161im simptomima i 8 na bolni\u010dkom le\u010denju. Izolacija mi je rak rana u proteklih 48 sati, imamo radnike koji su dokazano negativni a imaju re\u0161enje o izolaciji, \u0161to je nonses. To nije mogu\u0107e, jer su oni posle testiranja pouzdanije negativni od mene. Nije to ba\u0161 sve normalno. Ogroman broj ljudi nije obave\u0161ten da se nalazi u izolaciji, niti je bolnica obave\u0161tena da se neko nalazi u izolaciji i poku\u0161avamo da dobijemo spiskove da vidimo ko je sve u izolaciji. Epidemiolozi to sada odre\u0111uju.\u00a0 Zdravstvenim radnicima sada je kra\u0107a izolacija sa 28 na 14 dana,\u00a0 ka\u017ee novi vd Op\u0161te bolnice u \u0106upriji dr Ivan Milojevi\u0107<\/p>\n<p>Menad\u017ement Op\u0161te bolnica nema informaciju koliki je broj radnika dobio re\u0161enja epidemiologa za izolaciju.<\/p>\n<p>-Neka odeljenja nisu u funkciji zbog epidemiolo\u0161ke situacije o \u010demu su obave\u0161teni nadle\u017eni. Na urologiji nemamo mogu\u0107nost da imamo lekare, ovi koji su negativni imaju re\u0161enje o izolaciji i zabranu. \u010cekamo rezultate testiranja ostalih sa tog odeljenja, koje je dezinfikovano i zatvoreno. Imamo pet pozitivnih anesteziologa i tri negativna, koji su izolovani. Problem je \u0161to su negativni na testu i dalje u izolaciji. Slu\u017eba anesteziologije funkcioni\u0161e sa anesteziolozima iz bolnica u Jagodini i Para\u0107inu. Sve porodilje su usmerene na Op\u0161tu bolnicu u Jagodini ve\u0107 pet, \u0161est dana. Porodilje iz \u0106uprije se pora\u0111aju u Jagodini, jer kada krene poro\u0111aj niko ne sme bez stalne ekipe anesteziologa to da radi. Re\u010d je o obezbe\u0111ivanju maksimalne brige i bezbednosti za novoro\u0111en\u010dad. \u0160to se ti\u010de onkolo\u0161kih pacijenata, imamo dogovor sa direktorom Op\u0161te bolnice u Jagodini o preuzimanju, jer je na\u0161 onkolo\u0161ki lekar na le\u010denju u Beogradu. O\u010dekujem da do\u0111e za dve nedelje. Nefrolo\u0161ki pacijenti se le\u010de normalno, dijaliza se, tako\u0111e, normalno obavlja. Imali smo testiranje svih zaposlenih sa nefrologije i hemodijalize, s obzirom da je medicinska sestra pozitivna i na le\u010denju u Beogradu. Dezinfekcija se radi redovno, saop\u0161tava novi vd direktor trenutno stanje u najve\u0107oj zdravstvenoj ustanovi izme\u0111u Beograda i Ni\u0161a.<\/p>\n<p>O zarazi zdravstvenih radnika, da li su je doneli u bolnicu iz ,,privatnog \u017eivota&#8221; ili su se u bolnici inficirali, jo\u0161 uvek nema preciznog odgovora.<\/p>\n<p>-Pitanje gde se zarazilo zdravstveno osoblje je kao i pitanje ,,\u0161ta je starije koka ili jaje&#8221;. Ne znam ko gura pri\u010du da su se svi zarazili privatno ili pri\u010du da su se svi zarazili u bolnici. Mogu da ka\u017eem da zdravstveni radnici koji su izlo\u017eeni i rade sa tim, imaju prilike da se zaraze, iako po\u0161tuju sve mere, u svim zdravstvenim ustanovama u svetu. Ali zdravstevni radnici kao socijalna bi\u0107a imaju prilike da se zaraze sa svim svojim prijateljima, drugarima, rodbinom&#8230; Treba ljude za\u0161titi pravilno i treba da rade svoj posao, obja\u0161njava vd direktor.<\/p>\n<p>-Po\u0161tujemo standarde koje treba da imaju ekipe za transport slu\u010dajeva covid-19. Imamo apsolutno istu za\u0161titnu opremu kao i Jagodina. Op\u0161ta bolnica ima 120 kreveta za covid-19 u pet odeljenja, koja nisu u glavnim zgradama slu\u017ee za Covid centar. Svi oni imaju standardnu opremu za rad sa licima pozitivnim na covid-19, to nije za pore\u0111enje. Transportni tim imaju najvi\u0161i nivo opreme, napominje on.<\/p>\n<p>-Situacija sa za\u0161titnom opremom je takva da se apsolutno po\u0161tuju svi najnoviji protokoli. Za\u0161titnih sredstava, nigde, ni u \u0160vajcarskoj, nema u neograni\u010denim koli\u010dinama. Ljudima podigne paniku kada im se ka\u017ee da ne mo\u017eete da im date 400 skafandera danas, jer misle da \u0107e biti bezbedni ako se presvla\u010de svaka 2 minuta. U Beogradu anesteziolog obu\u010de skafander i nosi u smeni do 6 sati i baci posle toga. Mislim da prevelika o\u010dekivanja ljudi doprinose panici. Nije po propisu da svi budemo u skafanderima. To stvara nervozu, ali prate\u0107i metodolo\u0161ka uputstva, svi imamo kako valja, potvr\u0111uje dr Milojevi\u0107.<\/p>\n<p>-Za\u0161titne opreme nemamo za bacanje, ali za ono dovoljno \u0161to nam je potrebno, za sada imamo. Voleo bih vek da imamo ve\u0107u koli\u010dinu, jer se nikada ne zna koliko \u0107e ovo dugo trajati. Epidemiju covid-19 virusa ni jedna zemlja na svetu nije imala, ne mo\u017ee sve da se predvidi, zaklju\u010duje on.<\/p>\n<p>&nbsp;<\/p>\n","protected":false},"excerpt":{"rendered":"<p>\u0106UPRIJA- Vi\u0161e od 20 zdravstevnih radnika iz Op\u0161te bolnice, Doma zdravlja i ZJZ iz \u0106uprije je pozitivno na novi korona virus, a njih vi\u0161e desetina &hellip; <\/p>\n","protected":false},"author":2,"featured_media":23149,"comment_status":"open","ping_status":"open","sticky":false,"template":"","format":"standard","meta":{"footnotes":""},"categories":[1515,28,1524,2,12],"tags":[4441,44,4440,4540,1136],"_links":{"self":[{"href":"https:\/\/centralmedia.rs\/index.php\/wp-json\/wp\/v2\/posts\/23225"}],"collection":[{"href":"https:\/\/centralmedia.rs\/index.php\/wp-json\/wp\/v2\/posts"}],"about":[{"href":"https:\/\/centralmedia.rs\/index.php\/wp-json\/wp\/v2\/types\/post"}],"author":[{"embeddable":true,"href":"https:\/\/centralmedia.rs\/index.php\/wp-json\/wp\/v2\/users\/2"}],"replies":[{"embeddable":true,"href":"https:\/\/centralmedia.rs\/index.php\/wp-json\/wp\/v2\/comments?post=23225"}],"version-history":[{"count":8,"href":"https:\/\/centralmedia.rs\/index.php\/wp-json\/wp\/v2\/posts\/23225\/revisions"}],"predecessor-version":[{"id":23233,"href":"https:\/\/centralmedia.rs\/index.php\/wp-json\/wp\/v2\/posts\/23225\/revisions\/23233"}],"wp:featuredmedia":[{"embeddable":true,"href":"https:\/\/centralmedia.rs\/index.php\/wp-json\/wp\/v2\/media\/23149"}],"wp:attachment":[{"href":"https:\/\/centralmedia.rs\/index.php\/wp-json\/wp\/v2\/media?parent=23225"}],"wp:term":[{"taxonomy":"category","embeddable":true,"href":"https:\/\/centralmedia.rs\/index.php\/wp-json\/wp\/v2\/categories?post=23225"},{"taxonomy":"post_tag","embeddable":true,"href":"https:\/\/centralmedia.rs\/index.php\/wp-json\/wp\/v2\/tags?post=23225"}],"curies":[{"name":"wp","href":"https:\/\/api.w.org\/{rel}","templated":true}]}}