{"id":23237,"date":"2020-04-03T20:55:33","date_gmt":"2020-04-03T20:55:33","guid":{"rendered":"http:\/\/centralmedia.rs\/?p=23237"},"modified":"2020-04-08T14:54:34","modified_gmt":"2020-04-08T14:54:34","slug":"industrijski-park-u-paracinu","status":"publish","type":"post","link":"https:\/\/centralmedia.rs\/index.php\/2020\/04\/03\/industrijski-park-u-paracinu\/","title":{"rendered":"INDUSTRIJSKI PARK U PARA\u0106INU"},"content":{"rendered":"<p>PARA\u0106IN- Izgradnja Industrijskog parka u Para\u0107inu prema planu privodi se kraju. U toku su unutra\u0161nji radovi i postavljanje opreme za proizvodnju kablovskih kompleta. Park je zakupio \u0161vedski ,,Rimaster&#8221; na sedam godina.<\/p>\n<div id='gallery-1' class='gallery galleryid-23237 gallery-columns-3 gallery-size-full'><figure class='gallery-item'>\n\t\t\t<div class='gallery-icon landscape'>\n\t\t\t\t<a href='https:\/\/centralmedia.rs\/index.php\/2020\/04\/03\/industrijski-park-u-paracinu\/rimaster-6\/'><img loading=\"lazy\" decoding=\"async\" width=\"2048\" height=\"1152\" src=\"https:\/\/centralmedia.rs\/wp-content\/uploads\/2020\/04\/rimaster.jpg\" class=\"attachment-full size-full\" alt=\"\" srcset=\"https:\/\/centralmedia.rs\/wp-content\/uploads\/2020\/04\/rimaster.jpg 2048w, https:\/\/centralmedia.rs\/wp-content\/uploads\/2020\/04\/rimaster-300x169.jpg 300w, https:\/\/centralmedia.rs\/wp-content\/uploads\/2020\/04\/rimaster-768x432.jpg 768w, https:\/\/centralmedia.rs\/wp-content\/uploads\/2020\/04\/rimaster-1024x576.jpg 1024w, https:\/\/centralmedia.rs\/wp-content\/uploads\/2020\/04\/rimaster-747x420.jpg 747w, https:\/\/centralmedia.rs\/wp-content\/uploads\/2020\/04\/rimaster-640x360.jpg 640w, https:\/\/centralmedia.rs\/wp-content\/uploads\/2020\/04\/rimaster-681x383.jpg 681w\" sizes=\"(max-width: 2048px) 100vw, 2048px\" \/><\/a>\n\t\t\t<\/div><\/figure><figure class='gallery-item'>\n\t\t\t<div class='gallery-icon landscape'>\n\t\t\t\t<a href='https:\/\/centralmedia.rs\/index.php\/2020\/04\/03\/industrijski-park-u-paracinu\/rimaster2-2\/'><img loading=\"lazy\" decoding=\"async\" width=\"2048\" height=\"1152\" src=\"https:\/\/centralmedia.rs\/wp-content\/uploads\/2020\/04\/rimaster2.jpg\" class=\"attachment-full size-full\" alt=\"\" srcset=\"https:\/\/centralmedia.rs\/wp-content\/uploads\/2020\/04\/rimaster2.jpg 2048w, https:\/\/centralmedia.rs\/wp-content\/uploads\/2020\/04\/rimaster2-300x169.jpg 300w, https:\/\/centralmedia.rs\/wp-content\/uploads\/2020\/04\/rimaster2-768x432.jpg 768w, https:\/\/centralmedia.rs\/wp-content\/uploads\/2020\/04\/rimaster2-1024x576.jpg 1024w, https:\/\/centralmedia.rs\/wp-content\/uploads\/2020\/04\/rimaster2-747x420.jpg 747w, https:\/\/centralmedia.rs\/wp-content\/uploads\/2020\/04\/rimaster2-640x360.jpg 640w, https:\/\/centralmedia.rs\/wp-content\/uploads\/2020\/04\/rimaster2-681x383.jpg 681w\" sizes=\"(max-width: 2048px) 100vw, 2048px\" \/><\/a>\n\t\t\t<\/div><\/figure><figure class='gallery-item'>\n\t\t\t<div class='gallery-icon landscape'>\n\t\t\t\t<a href='https:\/\/centralmedia.rs\/index.php\/2020\/04\/03\/industrijski-park-u-paracinu\/rimaster3\/'><img loading=\"lazy\" decoding=\"async\" width=\"2048\" height=\"1152\" src=\"https:\/\/centralmedia.rs\/wp-content\/uploads\/2020\/04\/rimaster3.jpg\" class=\"attachment-full size-full\" alt=\"\" srcset=\"https:\/\/centralmedia.rs\/wp-content\/uploads\/2020\/04\/rimaster3.jpg 2048w, https:\/\/centralmedia.rs\/wp-content\/uploads\/2020\/04\/rimaster3-300x169.jpg 300w, https:\/\/centralmedia.rs\/wp-content\/uploads\/2020\/04\/rimaster3-768x432.jpg 768w, https:\/\/centralmedia.rs\/wp-content\/uploads\/2020\/04\/rimaster3-1024x576.jpg 1024w, https:\/\/centralmedia.rs\/wp-content\/uploads\/2020\/04\/rimaster3-747x420.jpg 747w, https:\/\/centralmedia.rs\/wp-content\/uploads\/2020\/04\/rimaster3-640x360.jpg 640w, https:\/\/centralmedia.rs\/wp-content\/uploads\/2020\/04\/rimaster3-681x383.jpg 681w\" sizes=\"(max-width: 2048px) 100vw, 2048px\" \/><\/a>\n\t\t\t<\/div><\/figure>\n\t\t<\/div>\n\n<p>-Mnogi infrastrukturni projekti obustavljeni su tokom vanrednog stanja, ali se izgradnja Industrijskog parka u Industrijskoj zoni nastavlja i polako privodi kraju, rekao je predsednik te op\u0161tine Sa\u0161a Paunovi\u0107.<\/p>\n<p>Prema zahtevima zakupca proizvodna hala bi\u0107e izgra\u0111ena i opremljena po najstro\u017eim standradima. Vrednost radova je 2 miliona evra.<\/p>\n","protected":false},"excerpt":{"rendered":"<p>PARA\u0106IN- Izgradnja Industrijskog parka u Para\u0107inu prema planu privodi se kraju. U toku su unutra\u0161nji radovi i postavljanje opreme za proizvodnju kablovskih kompleta. Park je &hellip; <\/p>\n","protected":false},"author":2,"featured_media":23238,"comment_status":"open","ping_status":"open","sticky":false,"template":"","format":"standard","meta":{"footnotes":""},"categories":[22,1524,2,1514,887,12],"tags":[2570,156,3425],"_links":{"self":[{"href":"https:\/\/centralmedia.rs\/index.php\/wp-json\/wp\/v2\/posts\/23237"}],"collection":[{"href":"https:\/\/centralmedia.rs\/index.php\/wp-json\/wp\/v2\/posts"}],"about":[{"href":"https:\/\/centralmedia.rs\/index.php\/wp-json\/wp\/v2\/types\/post"}],"author":[{"embeddable":true,"href":"https:\/\/centralmedia.rs\/index.php\/wp-json\/wp\/v2\/users\/2"}],"replies":[{"embeddable":true,"href":"https:\/\/centralmedia.rs\/index.php\/wp-json\/wp\/v2\/comments?post=23237"}],"version-history":[{"count":1,"href":"https:\/\/centralmedia.rs\/index.php\/wp-json\/wp\/v2\/posts\/23237\/revisions"}],"predecessor-version":[{"id":23242,"href":"https:\/\/centralmedia.rs\/index.php\/wp-json\/wp\/v2\/posts\/23237\/revisions\/23242"}],"wp:featuredmedia":[{"embeddable":true,"href":"https:\/\/centralmedia.rs\/index.php\/wp-json\/wp\/v2\/media\/23238"}],"wp:attachment":[{"href":"https:\/\/centralmedia.rs\/index.php\/wp-json\/wp\/v2\/media?parent=23237"}],"wp:term":[{"taxonomy":"category","embeddable":true,"href":"https:\/\/centralmedia.rs\/index.php\/wp-json\/wp\/v2\/categories?post=23237"},{"taxonomy":"post_tag","embeddable":true,"href":"https:\/\/centralmedia.rs\/index.php\/wp-json\/wp\/v2\/tags?post=23237"}],"curies":[{"name":"wp","href":"https:\/\/api.w.org\/{rel}","templated":true}]}}