{"id":23264,"date":"2020-04-05T18:50:00","date_gmt":"2020-04-05T18:50:00","guid":{"rendered":"http:\/\/centralmedia.rs\/?p=23264"},"modified":"2020-04-08T14:56:03","modified_gmt":"2020-04-08T14:56:03","slug":"dr-milojevic-dijaliza-nastavlja-sa-normalnim-radom-nefrologija-trenutno-nema-pacijente","status":"publish","type":"post","link":"https:\/\/centralmedia.rs\/index.php\/2020\/04\/05\/dr-milojevic-dijaliza-nastavlja-sa-normalnim-radom-nefrologija-trenutno-nema-pacijente\/","title":{"rendered":"DR MILOJEVI\u0106: ,, Dijaliza nastavlja sa normalnim radom, nefrologija trenutno nema pacijente&#8221;"},"content":{"rendered":"<p>\u0106UPRIJA- Zamenica direktora Instituta \u201eBatut\u201c prof dr Darija Kisi\u0107 Tepav\u010devi\u0107 izjavila je danas da je u Op\u0161toj bolnici u \u0106upriji kod 40 zdravstvenih radnika potvr\u0111ena korona, te da je sedmoro hospitalizovano. To je vi\u0161e nego dupliran rast u odnosu na 18 koliko je ju\u010de rekao vd direktora te bolnice Ivan Milojevi\u0107. Broj zdravstvenih radnika kod kojih je potvr\u0111en virus u \u0106upriji je ve\u0107i, ukoliko se u obzir uzmu Dom zdravlja i Zavod za javno zdarvlje. U izolaciji je nekoliko stotina zdravstvenih radnika u \u0106upriji.<\/p>\n<p>&#8211; \u0106uprijska bolnica broji 880 zaposlenih. U odnosu na kapacitete, preraspodelom u okviru odre\u0111enih odeljenja u koliko je to potrebno, i tu je mogu\u0107e organizovati rad nesmetani slu\u017ebi, naglasila je prof dr Darija Kisi\u0107 Tepav\u010devi\u0107.<\/p>\n<p>Vd direktor dr Milojevi\u0107 je potvrdio re\u010di koleginice.<\/p>\n<p>-Da, ta\u010dno je. To je rezultat testiranja svih slu\u017ebi u kojima se pojavio covid -9 u prvom talasu. Nakon toga smo morali da testiramo sve preostale radnike tih slu\u017ebi da bi presekli lanac. Svi su za sada dobro. Dijaliza nastavlja sa normalnim radom, nefrologija trenutno nema pacijente, a i organizaciono je te\u0161ko organizovati odeljenje, a da pacijenata nema, rekao je dr Milojevi\u0107.<\/p>\n<p>Van funkcije su slu\u017ebe onkologije, urologije, anesteziologije, ORL, porodili\u0161te i najnovija vest je da nefrologija ne\u0107e raditi zbog manjka pacijenata.<\/p>\n<p>Komandant \u0160tama za vanredne situacije u \u0106upriji Ninoslav Eri\u0107 izjavio je da nema zara\u017eenih medicinskih radnika na odeljenjima za koronu.<\/p>\n<p>-Trenutno imamo 120 zdravih medicinskih radnika koji se bave pacijentima zara\u017eenim koronom. To je vrlo bitno jer su oni na\u0161i heroji, heroji koji 24 \u010dasa pru\u017eaju pomo\u0107 obolelima iz celog Pomoravlja, rekao je on.<\/p>\n<p>Ruski vojni stru\u010dnjaci su danas zapo\u010deli dvodnevnu dezinkfekciju Op\u0161te bolnice i Doma zdravlja.<\/p>\n<p><img loading=\"lazy\" decoding=\"async\" class=\"alignnone wp-image-23266 size-large\" src=\"http:\/\/centralmedia.rs\/wp-content\/uploads\/2020\/04\/rusi-foto-ministarstvo-odbrane-1024x768.jpg\" alt=\"\" width=\"640\" height=\"480\" srcset=\"https:\/\/centralmedia.rs\/wp-content\/uploads\/2020\/04\/rusi-foto-ministarstvo-odbrane-1024x768.jpg 1024w, https:\/\/centralmedia.rs\/wp-content\/uploads\/2020\/04\/rusi-foto-ministarstvo-odbrane-300x225.jpg 300w, https:\/\/centralmedia.rs\/wp-content\/uploads\/2020\/04\/rusi-foto-ministarstvo-odbrane-768x576.jpg 768w, https:\/\/centralmedia.rs\/wp-content\/uploads\/2020\/04\/rusi-foto-ministarstvo-odbrane-560x420.jpg 560w, https:\/\/centralmedia.rs\/wp-content\/uploads\/2020\/04\/rusi-foto-ministarstvo-odbrane-80x60.jpg 80w, https:\/\/centralmedia.rs\/wp-content\/uploads\/2020\/04\/rusi-foto-ministarstvo-odbrane-100x75.jpg 100w, https:\/\/centralmedia.rs\/wp-content\/uploads\/2020\/04\/rusi-foto-ministarstvo-odbrane-180x135.jpg 180w, https:\/\/centralmedia.rs\/wp-content\/uploads\/2020\/04\/rusi-foto-ministarstvo-odbrane-238x178.jpg 238w, https:\/\/centralmedia.rs\/wp-content\/uploads\/2020\/04\/rusi-foto-ministarstvo-odbrane-640x480.jpg 640w, https:\/\/centralmedia.rs\/wp-content\/uploads\/2020\/04\/rusi-foto-ministarstvo-odbrane-681x511.jpg 681w\" sizes=\"(max-width: 640px) 100vw, 640px\" \/><\/p>\n","protected":false},"excerpt":{"rendered":"<p>\u0106UPRIJA- Zamenica direktora Instituta \u201eBatut\u201c prof dr Darija Kisi\u0107 Tepav\u010devi\u0107 izjavila je danas da je u Op\u0161toj bolnici u \u0106upriji kod 40 zdravstvenih radnika potvr\u0111ena &hellip; <\/p>\n","protected":false},"author":2,"featured_media":23265,"comment_status":"open","ping_status":"open","sticky":false,"template":"","format":"standard","meta":{"footnotes":""},"categories":[1515,14,1524,2,12],"tags":[135,44,4497,4545],"_links":{"self":[{"href":"https:\/\/centralmedia.rs\/index.php\/wp-json\/wp\/v2\/posts\/23264"}],"collection":[{"href":"https:\/\/centralmedia.rs\/index.php\/wp-json\/wp\/v2\/posts"}],"about":[{"href":"https:\/\/centralmedia.rs\/index.php\/wp-json\/wp\/v2\/types\/post"}],"author":[{"embeddable":true,"href":"https:\/\/centralmedia.rs\/index.php\/wp-json\/wp\/v2\/users\/2"}],"replies":[{"embeddable":true,"href":"https:\/\/centralmedia.rs\/index.php\/wp-json\/wp\/v2\/comments?post=23264"}],"version-history":[{"count":3,"href":"https:\/\/centralmedia.rs\/index.php\/wp-json\/wp\/v2\/posts\/23264\/revisions"}],"predecessor-version":[{"id":23269,"href":"https:\/\/centralmedia.rs\/index.php\/wp-json\/wp\/v2\/posts\/23264\/revisions\/23269"}],"wp:featuredmedia":[{"embeddable":true,"href":"https:\/\/centralmedia.rs\/index.php\/wp-json\/wp\/v2\/media\/23265"}],"wp:attachment":[{"href":"https:\/\/centralmedia.rs\/index.php\/wp-json\/wp\/v2\/media?parent=23264"}],"wp:term":[{"taxonomy":"category","embeddable":true,"href":"https:\/\/centralmedia.rs\/index.php\/wp-json\/wp\/v2\/categories?post=23264"},{"taxonomy":"post_tag","embeddable":true,"href":"https:\/\/centralmedia.rs\/index.php\/wp-json\/wp\/v2\/tags?post=23264"}],"curies":[{"name":"wp","href":"https:\/\/api.w.org\/{rel}","templated":true}]}}