{"id":23272,"date":"2020-04-06T12:23:38","date_gmt":"2020-04-06T12:23:38","guid":{"rendered":"http:\/\/centralmedia.rs\/?p=23272"},"modified":"2020-04-08T14:56:21","modified_gmt":"2020-04-08T14:56:21","slug":"korona-centar-u-domu-ucenika-u-svilajncu","status":"publish","type":"post","link":"https:\/\/centralmedia.rs\/index.php\/2020\/04\/06\/korona-centar-u-domu-ucenika-u-svilajncu\/","title":{"rendered":"KORONA CENTAR U DOMU U\u010cENIKA U SVILAJNCU"},"content":{"rendered":"<p>SVILAJNAC-Predsednik op\u0161tine Svilajnac Predrag Milanovi\u0107 izjavio je da je Vlada Republike Srbije donela odluku da se Dom za u\u010denike Poljoprivredno-veterinarske \u0161kole u Svilajncu stavi na raspolaganje Ministarstvu zdravlja za sme\u0161taj obolelih od koronavirusa sa lak\u0161om klini\u010dkom slikom ukoliko se za to stvori potreba na teritoriji op\u0161tine Svilajnac.<\/p>\n<p>On je tako\u0111e rekao i da \u0107e svi korisnici socijalne pomo\u0107i u toku ove nedelje dobiti jo\u0161 po jedan paket sa osnovnim \u017eivotnim namirnicama i sredstvima za higijenu.<\/p>\n<p>Predsednik se zahvalio kompaniji Vossloh Schwabe koja je donirala 400 komada maski i lokalnoj firmi \u201eUredi dom\u201c koja je donirala 100 za\u0161titnih vizira. Sva za\u0161titna oprema da\u0107e se ljudima koji su zbog svojih radnih zadataka trenutno najizlo\u017eeniji riziku.<\/p>\n<p>U svim selima i na nekoliko mesta u gradu postavljeni su kanistri sa dezinfekcionim sredstvima i uputstvima za kori\u0161\u0107enje istih, koje gra\u0111ani mogu da preuzmu kako bi dezinfikovali svoja dvori\u0161ta i unutra\u0161nje podove.<\/p>\n","protected":false},"excerpt":{"rendered":"<p>SVILAJNAC-Predsednik op\u0161tine Svilajnac Predrag Milanovi\u0107 izjavio je da je Vlada Republike Srbije donela odluku da se Dom za u\u010denike Poljoprivredno-veterinarske \u0161kole u Svilajncu stavi na &hellip; <\/p>\n","protected":false},"author":2,"featured_media":22824,"comment_status":"open","ping_status":"open","sticky":false,"template":"","format":"standard","meta":{"footnotes":""},"categories":[14,1524,2,887,12,1517],"tags":[39,2628,563],"_links":{"self":[{"href":"https:\/\/centralmedia.rs\/index.php\/wp-json\/wp\/v2\/posts\/23272"}],"collection":[{"href":"https:\/\/centralmedia.rs\/index.php\/wp-json\/wp\/v2\/posts"}],"about":[{"href":"https:\/\/centralmedia.rs\/index.php\/wp-json\/wp\/v2\/types\/post"}],"author":[{"embeddable":true,"href":"https:\/\/centralmedia.rs\/index.php\/wp-json\/wp\/v2\/users\/2"}],"replies":[{"embeddable":true,"href":"https:\/\/centralmedia.rs\/index.php\/wp-json\/wp\/v2\/comments?post=23272"}],"version-history":[{"count":1,"href":"https:\/\/centralmedia.rs\/index.php\/wp-json\/wp\/v2\/posts\/23272\/revisions"}],"predecessor-version":[{"id":23273,"href":"https:\/\/centralmedia.rs\/index.php\/wp-json\/wp\/v2\/posts\/23272\/revisions\/23273"}],"wp:featuredmedia":[{"embeddable":true,"href":"https:\/\/centralmedia.rs\/index.php\/wp-json\/wp\/v2\/media\/22824"}],"wp:attachment":[{"href":"https:\/\/centralmedia.rs\/index.php\/wp-json\/wp\/v2\/media?parent=23272"}],"wp:term":[{"taxonomy":"category","embeddable":true,"href":"https:\/\/centralmedia.rs\/index.php\/wp-json\/wp\/v2\/categories?post=23272"},{"taxonomy":"post_tag","embeddable":true,"href":"https:\/\/centralmedia.rs\/index.php\/wp-json\/wp\/v2\/tags?post=23272"}],"curies":[{"name":"wp","href":"https:\/\/api.w.org\/{rel}","templated":true}]}}