{"id":23274,"date":"2020-04-06T12:35:58","date_gmt":"2020-04-06T12:35:58","guid":{"rendered":"http:\/\/centralmedia.rs\/?p=23274"},"modified":"2020-04-08T14:56:50","modified_gmt":"2020-04-08T14:56:50","slug":"vucic-najavio-dolazak-u-cupriju","status":"publish","type":"post","link":"https:\/\/centralmedia.rs\/index.php\/2020\/04\/06\/vucic-najavio-dolazak-u-cupriju\/","title":{"rendered":"Vu\u010di\u0107 najavio dolazak u \u0106upriju"},"content":{"rendered":"<p>NOVI PAZAR- Predsednik Srbije Aleksandar Vu\u010di\u0107 prilikom posete Novom Pazaru najavio je da \u0107e obi\u0107i \u017eari\u0161ta epidemije koronavirusa u Srbiji, me\u0111u kojima su, pored tog grada, \u0106upriju i Valjevo. On je boravio u Novom Pazaru povodom isporuke 10 klini\u010dkih i 3 transportna respiratora za bolnicu u tom gradu, zatim 22.000 hirur\u0161kih maski, 3.000 epidemiolo\u0161kih maski, vi\u0161e hiljada rukavica, kalja\u010de, za\u0161titna odela i 250 skafandera.<\/p>\n<p>.<\/p>\n","protected":false},"excerpt":{"rendered":"<p>NOVI PAZAR- Predsednik Srbije Aleksandar Vu\u010di\u0107 prilikom posete Novom Pazaru najavio je da \u0107e obi\u0107i \u017eari\u0161ta epidemije koronavirusa u Srbiji, me\u0111u kojima su, pored tog &hellip; <\/p>\n","protected":false},"author":2,"featured_media":23275,"comment_status":"open","ping_status":"open","sticky":false,"template":"","format":"standard","meta":{"footnotes":""},"categories":[2,13,12],"tags":[1274,44,3534],"_links":{"self":[{"href":"https:\/\/centralmedia.rs\/index.php\/wp-json\/wp\/v2\/posts\/23274"}],"collection":[{"href":"https:\/\/centralmedia.rs\/index.php\/wp-json\/wp\/v2\/posts"}],"about":[{"href":"https:\/\/centralmedia.rs\/index.php\/wp-json\/wp\/v2\/types\/post"}],"author":[{"embeddable":true,"href":"https:\/\/centralmedia.rs\/index.php\/wp-json\/wp\/v2\/users\/2"}],"replies":[{"embeddable":true,"href":"https:\/\/centralmedia.rs\/index.php\/wp-json\/wp\/v2\/comments?post=23274"}],"version-history":[{"count":2,"href":"https:\/\/centralmedia.rs\/index.php\/wp-json\/wp\/v2\/posts\/23274\/revisions"}],"predecessor-version":[{"id":23320,"href":"https:\/\/centralmedia.rs\/index.php\/wp-json\/wp\/v2\/posts\/23274\/revisions\/23320"}],"wp:featuredmedia":[{"embeddable":true,"href":"https:\/\/centralmedia.rs\/index.php\/wp-json\/wp\/v2\/media\/23275"}],"wp:attachment":[{"href":"https:\/\/centralmedia.rs\/index.php\/wp-json\/wp\/v2\/media?parent=23274"}],"wp:term":[{"taxonomy":"category","embeddable":true,"href":"https:\/\/centralmedia.rs\/index.php\/wp-json\/wp\/v2\/categories?post=23274"},{"taxonomy":"post_tag","embeddable":true,"href":"https:\/\/centralmedia.rs\/index.php\/wp-json\/wp\/v2\/tags?post=23274"}],"curies":[{"name":"wp","href":"https:\/\/api.w.org\/{rel}","templated":true}]}}