{"id":23286,"date":"2020-04-06T19:42:54","date_gmt":"2020-04-06T19:42:54","guid":{"rendered":"http:\/\/centralmedia.rs\/?p=23286"},"modified":"2020-04-08T14:57:42","modified_gmt":"2020-04-08T14:57:42","slug":"dom-zdravlja-u-paracinu-ima-svu-neophodnu-medicinsku-opremu","status":"publish","type":"post","link":"https:\/\/centralmedia.rs\/index.php\/2020\/04\/06\/dom-zdravlja-u-paracinu-ima-svu-neophodnu-medicinsku-opremu\/","title":{"rendered":"Dom zdravlja u Para\u0107inu ima svu neophodnu medicinsku opremu"},"content":{"rendered":"<p>PARA\u0106IN- Saop\u0161tenje UO Doma zdravlja Para\u0107in<\/p>\n<p>-U nameri da spre\u010di \u0161irenje dezinformacija me\u0111u gra\u0111anima i \u0161irenja panike, a zbog navoda koji su se pojavili na portalima, koji su gra\u0111anima poznati po \u0161irenju la\u017enih vesti, da Dom zdravlja nema adekvatnu medicinsku opremu, ni sredstva na raspolaganju iz lokalnog bud\u017eeta, Upravni odbor Doma zdravlja izdao je saop\u0161tenje za javnost. Od samog progla\u0161enja epidemije virusa KOVID-19, Dom zdravlja Para\u0107in ima stalnog \u010dlana u lokalnom \u0160tabu za vanredne situacije i aktivno u\u010destvuje u radu ovog tela, uklju\u010duju\u0107i i obezbe\u0111ivanje dodatnih sredstava iz lokalnog budd\u017eeta na zahtev ove ustanove, za nabavku neophodne opreme.<\/p>\n<p>\u201c\u0160tab za vanredne situacije op\u0161tine Para\u0107in je u toku pro\u0161le nedelje obezbedio potrebna sredstva i blagovremeno je isporu\u010den deo kontigenta za\u0161titne opreme i sredstava namenjenih za suzbijanje epidemije, raspolo\u017eivih na tr\u017ei\u0161tu\u201d, navodi se u saop\u0161tenju. Obezbe\u0111ene su i dodatne koli\u010dine sredstava za dezinfekciju, u skladu sa potrebama ustanove i stanjem na tr\u017e\u0161i\u0161tu. Op\u0161tina ovog trenutka pla\u0107a i dodatne lakare, ango\u017eovane u radu ustanove, pre svega, Hitne slu\u017ebe.<br \/>\nUpravni odbro Doma zdravlja \u017eeli da istakne da Dom zdravlja ima svu neophodnu medicinsku opremu, koja se u ovom trenutku mo\u017ee na\u0107i na tr\u017ei\u0161tu Srbije. Oprema koja se u ovom trenutku ne nalazi na tr\u017ei\u0161tu nije dostupna ni jednoj zdravstvenoj ustanovi Srbiji, pa tako ni Domu zdravlja Para\u0107in. Dom zdravlja Para\u0107in na \u010delu sa Upravnim odborom je otvoren za sve vrste donacija fizi\u010dkih i pravnih lica, pa tako i od politi\u010dkih organizacija, u \u010dijem propagiranju ne u\u010destvuje, niti \u0107e u\u010destvovati.<br \/>\n\u201cIsti\u010demo da smo tra\u017eili da jedna lokalna politi\u010dka organizacija ukloni sa svoje Fejsbuk stranice navode o isporu\u010denoj donaciji\u201d, navodi se u saop\u0161tenju. Dom zdravlja apeluje na sve gra\u0111ane da po\u0161tuju propisane mere prevencije i za\u0161tite u borbi protiv \u0161irenja virusa KOVID-19 i da ostanu kod ku\u0107e, ne izla\u017eu\u0107i se nepotrebnim direktnim kontaktima, kako bi se spre\u010dilo \u0161irenje virusa. \u201cPo\u0161tujte mere i ostanite kod ku\u0107e\u201d ka\u017ee se u saop\u0161tenju, koje potpisuje predsednik Upravnog odbora para\u0107inskog Doma zdravlja, Nikola Jovi\u010di\u0107.<\/p>\n<p>&nbsp;<\/p>\n<p>&nbsp;<\/p>\n<p>&nbsp;<\/p>\n<p>&nbsp;<\/p>\n","protected":false},"excerpt":{"rendered":"<p>PARA\u0106IN- Saop\u0161tenje UO Doma zdravlja Para\u0107in -U nameri da spre\u010di \u0161irenje dezinformacija me\u0111u gra\u0111anima i \u0161irenja panike, a zbog navoda koji su se pojavili na &hellip; <\/p>\n","protected":false},"author":2,"featured_media":23287,"comment_status":"open","ping_status":"open","sticky":false,"template":"","format":"standard","meta":{"footnotes":""},"categories":[28,1524,2,1516,887,12],"tags":[228,156],"_links":{"self":[{"href":"https:\/\/centralmedia.rs\/index.php\/wp-json\/wp\/v2\/posts\/23286"}],"collection":[{"href":"https:\/\/centralmedia.rs\/index.php\/wp-json\/wp\/v2\/posts"}],"about":[{"href":"https:\/\/centralmedia.rs\/index.php\/wp-json\/wp\/v2\/types\/post"}],"author":[{"embeddable":true,"href":"https:\/\/centralmedia.rs\/index.php\/wp-json\/wp\/v2\/users\/2"}],"replies":[{"embeddable":true,"href":"https:\/\/centralmedia.rs\/index.php\/wp-json\/wp\/v2\/comments?post=23286"}],"version-history":[{"count":2,"href":"https:\/\/centralmedia.rs\/index.php\/wp-json\/wp\/v2\/posts\/23286\/revisions"}],"predecessor-version":[{"id":23289,"href":"https:\/\/centralmedia.rs\/index.php\/wp-json\/wp\/v2\/posts\/23286\/revisions\/23289"}],"wp:featuredmedia":[{"embeddable":true,"href":"https:\/\/centralmedia.rs\/index.php\/wp-json\/wp\/v2\/media\/23287"}],"wp:attachment":[{"href":"https:\/\/centralmedia.rs\/index.php\/wp-json\/wp\/v2\/media?parent=23286"}],"wp:term":[{"taxonomy":"category","embeddable":true,"href":"https:\/\/centralmedia.rs\/index.php\/wp-json\/wp\/v2\/categories?post=23286"},{"taxonomy":"post_tag","embeddable":true,"href":"https:\/\/centralmedia.rs\/index.php\/wp-json\/wp\/v2\/tags?post=23286"}],"curies":[{"name":"wp","href":"https:\/\/api.w.org\/{rel}","templated":true}]}}