{"id":23293,"date":"2020-04-07T13:18:10","date_gmt":"2020-04-07T13:18:10","guid":{"rendered":"http:\/\/centralmedia.rs\/?p=23293"},"modified":"2020-04-13T10:03:45","modified_gmt":"2020-04-13T10:03:45","slug":"placeno-odsustvo-za-zaposlene-u-javnom-sektoru-u-jagodini-umanjenje-zarade-od-40-odsto-u-naredna-tri-meseca-bice-vraceno-2021-godine","status":"publish","type":"post","link":"https:\/\/centralmedia.rs\/index.php\/2020\/04\/07\/placeno-odsustvo-za-zaposlene-u-javnom-sektoru-u-jagodini-umanjenje-zarade-od-40-odsto-u-naredna-tri-meseca-bice-vraceno-2021-godine\/","title":{"rendered":"PLA\u0106ENO ODSUSTVO ZA ZAPOSLENE U JAVNOM SEKTORU U JAGODINI &#8211; Umanjenje zarade od 40 odsto u naredna tri meseca, bi\u0107e vra\u0107eno 2021. godine"},"content":{"rendered":"<p>JAGODINA- Gradsko ve\u0107e u Jagodini donelo je 19. marta zaklju\u010dak o upu\u0107ivanju na pla\u0107eno odsustvo zaposlene u upravama grada Jagodina, preduze\u0107ima i ustanovama \u010diji je grad osniva\u010d na tri meseca. Oni su upu\u0107eni na pla\u0107eno odsustvo zbog smanjenja obima rada kod poslodavca, kao i zbog zdravstveno-preventivnih razloga u cilju suzbijanja epidemije covid-19, stoji u zaklju\u010dku.<\/p>\n<p>-Zaposleni ostvaruju pravo na zaradu od 100 odsto prose\u010dne zarade zaposlenog u predhodnih 12 meseci, s tim da ne mo\u017ee biti manja od minimalne zarade, tako \u0161to se najmanje 60 odsto zarade ispla\u0107uje u mesecu za predhodni mesec, a ostatak do punog iznosa zarade ispla\u0107uje se zaposlenom najkasnije od juna do novembra 2021. godine, navodi se zaklju\u010dku.<\/p>\n<div id='gallery-1' class='gallery galleryid-23293 gallery-columns-2 gallery-size-full'><figure class='gallery-item'>\n\t\t\t<div class='gallery-icon portrait'>\n\t\t\t\t<a href='https:\/\/centralmedia.rs\/index.php\/2020\/04\/07\/placeno-odsustvo-za-zaposlene-u-javnom-sektoru-u-jagodini-umanjenje-zarade-od-40-odsto-u-naredna-tri-meseca-bice-vraceno-2021-godine\/placeno-odsustvo1\/'><img loading=\"lazy\" decoding=\"async\" width=\"720\" height=\"960\" src=\"https:\/\/centralmedia.rs\/wp-content\/uploads\/2020\/04\/placeno-odsustvo1.jpg\" class=\"attachment-full size-full\" alt=\"\" srcset=\"https:\/\/centralmedia.rs\/wp-content\/uploads\/2020\/04\/placeno-odsustvo1.jpg 720w, https:\/\/centralmedia.rs\/wp-content\/uploads\/2020\/04\/placeno-odsustvo1-225x300.jpg 225w, https:\/\/centralmedia.rs\/wp-content\/uploads\/2020\/04\/placeno-odsustvo1-315x420.jpg 315w, https:\/\/centralmedia.rs\/wp-content\/uploads\/2020\/04\/placeno-odsustvo1-640x853.jpg 640w, https:\/\/centralmedia.rs\/wp-content\/uploads\/2020\/04\/placeno-odsustvo1-681x908.jpg 681w\" sizes=\"(max-width: 720px) 100vw, 720px\" \/><\/a>\n\t\t\t<\/div><\/figure><figure class='gallery-item'>\n\t\t\t<div class='gallery-icon portrait'>\n\t\t\t\t<a href='https:\/\/centralmedia.rs\/index.php\/2020\/04\/07\/placeno-odsustvo-za-zaposlene-u-javnom-sektoru-u-jagodini-umanjenje-zarade-od-40-odsto-u-naredna-tri-meseca-bice-vraceno-2021-godine\/placeno-odsustvo\/'><img loading=\"lazy\" decoding=\"async\" width=\"720\" height=\"960\" src=\"https:\/\/centralmedia.rs\/wp-content\/uploads\/2020\/04\/placeno-odsustvo.jpg\" class=\"attachment-full size-full\" alt=\"\" srcset=\"https:\/\/centralmedia.rs\/wp-content\/uploads\/2020\/04\/placeno-odsustvo.jpg 720w, https:\/\/centralmedia.rs\/wp-content\/uploads\/2020\/04\/placeno-odsustvo-225x300.jpg 225w, https:\/\/centralmedia.rs\/wp-content\/uploads\/2020\/04\/placeno-odsustvo-315x420.jpg 315w, https:\/\/centralmedia.rs\/wp-content\/uploads\/2020\/04\/placeno-odsustvo-640x853.jpg 640w, https:\/\/centralmedia.rs\/wp-content\/uploads\/2020\/04\/placeno-odsustvo-681x908.jpg 681w\" sizes=\"(max-width: 720px) 100vw, 720px\" \/><\/a>\n\t\t\t<\/div><\/figure>\n\t\t<\/div>\n\n<p>Nekoliko hiljada Jagodinaca ostalo je bez posla po\u010detkom aprila u prvom talasu otpu\u0161tanja, jer je poslodavcima zabranjeno da rade kada je re\u010d o ugostiteljskim objektima i ostalim delatnostima gde je smanjen rad zbog prekida ugovora ili smanjenja isporuka. Njima niko nije ponudio 60 odsto, ali ni \u010duvene pakete pomo\u0107i u hrani i dezinfekcionim sredstvima Centra za socijalni rad u Jagodini, tako da su zaposleni u javnom sektoru u Jagodini, koji su ve\u0107inom strana\u010dki zapo\u0161ljavani, ponovo privilegovani u odnosu na ostatak zajednice koja nosi na svojim le\u0111ima svaku krizu u dru\u0161tvu. Neka od javnih preduze\u0107a nisu prihvatila zaklju\u010dak Gradskog ve\u0107a, jer rade u punom kapacitetu, \u010dak i vi\u0161e nego pre 19. marta na poslovima za\u0161tite od korona virusa. Sa druge strane u javnom sektoru u Jagodini ima oko 400 zaposlenih vi\u0161e nego \u0161to je zakonom predvi\u0111eno, \u0161to dodatno optere\u0107uje lokalni bud\u017eet.<\/p>\n<p>Gradona\u010delnik i komandant \u0160taba za vanredne situacije u Jagodini Ratko Stevanovi\u0107 izjavio je da zarade zaposlenih nisu smanjenje i da to nije ta\u010dna informacija koja se pojavila u javnosti.<\/p>\n<p>U saop\u0161tenju Ministarstva za rad stoji:<\/p>\n<p>Poslodavci, koji svoje zaposlene, s obzirom na trenutnu vanrednu situaciju u Srbiji, izazvanu virusom COVID-19, upute na pla\u0107eno odsustvo du\u017ee od 45 radnih dana treba da dostave Ministarstvu za rad elektronskim putem Odluku nadle\u017enog organa poslodavca potpisanu od ovla\u0161\u0107enog lica ili Zahtev poslodavca sa potpisom zakonskog zastupnika.<\/p>\n<p>Zahtev o potrebi upu\u0107ivanja zaposlenih na pla\u0107eno odsustvo treba da sadr\u017ei naziv i sedi\u0161te poslodavca, mati\u010dni broj i PIB, ukupan broj zaposlenih, broj zaposlenih koji se upu\u0107uju na pla\u0107eno odsustvo, kratke razloge i okolnosti koje su dovele do smanjenog obima posla, odnosno do prekida rada i potrebe za upu\u0107ivanjem zaposlenih na pla\u0107eno odsustvo du\u017eem od 45 radnih dana, navodi se u saop\u0161tenju.<\/p>\n<p>Tako\u0111e treba da navedu za koji mesec su ispla\u0107ene poslednje zarade, elektronsku adresu na koju Ministarstvo poslodavcu treba da dostavi skenirano Re\u0161enje, kao i broj telefona kontakt osobe kod poslodavca zadu\u017eene za pripremu dokumentacije.<\/p>\n<p>Te podatke je potrebno poslati na mejl kabinet@minrzs.gov.rs.<\/p>\n<p>Iz ministarstva napominju da nije potrebno navoditi broj radnih dana na koji se zaposleni upu\u0107uju na pla\u0107eno odsustvo jer se Re\u0161enje o davanju saglasnosti za upu\u0107ivanje zaposlenih na pla\u0107eno odsustvo du\u017ee od 45 radnih dana izdaje samo za period dok je na snazi Odluka o progla\u0161enju vanrednog stanja.<\/p>\n<p>&nbsp;<\/p>\n","protected":false},"excerpt":{"rendered":"<p>JAGODINA- Gradsko ve\u0107e u Jagodini donelo je 19. marta zaklju\u010dak o upu\u0107ivanju na pla\u0107eno odsustvo zaposlene u upravama grada Jagodina, preduze\u0107ima i ustanovama \u010diji je &hellip; <\/p>\n","protected":false},"author":2,"featured_media":1530,"comment_status":"open","ping_status":"open","sticky":false,"template":"","format":"standard","meta":{"footnotes":""},"categories":[14,1524,2,1514,12],"tags":[2621,4546,2670],"_links":{"self":[{"href":"https:\/\/centralmedia.rs\/index.php\/wp-json\/wp\/v2\/posts\/23293"}],"collection":[{"href":"https:\/\/centralmedia.rs\/index.php\/wp-json\/wp\/v2\/posts"}],"about":[{"href":"https:\/\/centralmedia.rs\/index.php\/wp-json\/wp\/v2\/types\/post"}],"author":[{"embeddable":true,"href":"https:\/\/centralmedia.rs\/index.php\/wp-json\/wp\/v2\/users\/2"}],"replies":[{"embeddable":true,"href":"https:\/\/centralmedia.rs\/index.php\/wp-json\/wp\/v2\/comments?post=23293"}],"version-history":[{"count":8,"href":"https:\/\/centralmedia.rs\/index.php\/wp-json\/wp\/v2\/posts\/23293\/revisions"}],"predecessor-version":[{"id":23303,"href":"https:\/\/centralmedia.rs\/index.php\/wp-json\/wp\/v2\/posts\/23293\/revisions\/23303"}],"wp:featuredmedia":[{"embeddable":true,"href":"https:\/\/centralmedia.rs\/index.php\/wp-json\/wp\/v2\/media\/1530"}],"wp:attachment":[{"href":"https:\/\/centralmedia.rs\/index.php\/wp-json\/wp\/v2\/media?parent=23293"}],"wp:term":[{"taxonomy":"category","embeddable":true,"href":"https:\/\/centralmedia.rs\/index.php\/wp-json\/wp\/v2\/categories?post=23293"},{"taxonomy":"post_tag","embeddable":true,"href":"https:\/\/centralmedia.rs\/index.php\/wp-json\/wp\/v2\/tags?post=23293"}],"curies":[{"name":"wp","href":"https:\/\/api.w.org\/{rel}","templated":true}]}}