{"id":23304,"date":"2020-04-07T15:22:42","date_gmt":"2020-04-07T15:22:42","guid":{"rendered":"http:\/\/centralmedia.rs\/?p=23304"},"modified":"2020-04-09T19:15:13","modified_gmt":"2020-04-09T19:15:13","slug":"troje-cupricana-uspesno-se-oporavili-od-covod-19-u-pomoravlju-ukupno-zarazeno-169-lica","status":"publish","type":"post","link":"https:\/\/centralmedia.rs\/index.php\/2020\/04\/07\/troje-cupricana-uspesno-se-oporavili-od-covod-19-u-pomoravlju-ukupno-zarazeno-169-lica\/","title":{"rendered":"TROJE \u0106UPRI\u010cANA USPE\u0160NO SE OPORAVILI OD COVOD-19, U POMORAVLJU ZARA\u017dENO JO\u0160 17 LICA, UKUPNO 169"},"content":{"rendered":"<p>\u0106UPRIJA- Troje \u0106upri\u010dana uspe\u0161no su se oporavili od covdi-19 posle le\u010denja u KBC u Kragujevc, saop\u0161tio je komandant \u0160taba za vanredne situacije u tom gradu Ninoslav Eri\u0107<\/p>\n<p>&#8211; Prvi pacijenti, troje, iz \u0106uprije su se uspe\u0161no oporavili nakon le\u010denja u Klini\u010dkom centru Kragujevac, zaklju\u010dno sa 06. aprilom.<br \/>\n\u0106uprija 90 obolelih na COVID-19;<br \/>\nPara\u0107in 33 obolelih na COVID-19;<br \/>\nJagodina 23 obolelih na COVID-19.<br \/>\nSvilajnac 8 obolelih na COVID-19;<br \/>\nRekovac 2 obolela na COVID-19;<br \/>\nDespotovac 3 obolela na COVID-19;<\/p>\n<p>Op\u0161tinski \u0161tab za vanredne situacije ju\u010de je nalo\u017eio Op\u0161tinskoj upravi op\u0161tine \u0106uprija da u skladu sa utvr\u0111enim brojem penzionera sa primanjima do 30.000 dinara, izvr\u0161i nabavku do \u0161est hiljada paketa koji sadr\u017ee 17 osnovnih namirnica.<\/p>\n<p>Obezbedili smo dodatnu medicinsku opremu za medicinske radnike za Op\u0161tu bolnicu i Dom zdravlja u \u0106upriji i nesebi\u010dno donirali medicinsku opremu za bolnicu u Para\u0107inu i Jagodini, napisao je \u00a0Eri\u0107 na dru\u0161tvenim mre\u017eama..<\/p>\n<p>&nbsp;<\/p>\n<p>&nbsp;<\/p>\n","protected":false},"excerpt":{"rendered":"<p>\u0106UPRIJA- Troje \u0106upri\u010dana uspe\u0161no su se oporavili od covdi-19 posle le\u010denja u KBC u Kragujevc, saop\u0161tio je komandant \u0160taba za vanredne situacije u tom gradu &hellip; <\/p>\n","protected":false},"author":2,"featured_media":22713,"comment_status":"open","ping_status":"open","sticky":false,"template":"","format":"standard","meta":{"footnotes":""},"categories":[1515,14,1524,2,12],"tags":[4441,44,352],"_links":{"self":[{"href":"https:\/\/centralmedia.rs\/index.php\/wp-json\/wp\/v2\/posts\/23304"}],"collection":[{"href":"https:\/\/centralmedia.rs\/index.php\/wp-json\/wp\/v2\/posts"}],"about":[{"href":"https:\/\/centralmedia.rs\/index.php\/wp-json\/wp\/v2\/types\/post"}],"author":[{"embeddable":true,"href":"https:\/\/centralmedia.rs\/index.php\/wp-json\/wp\/v2\/users\/2"}],"replies":[{"embeddable":true,"href":"https:\/\/centralmedia.rs\/index.php\/wp-json\/wp\/v2\/comments?post=23304"}],"version-history":[{"count":2,"href":"https:\/\/centralmedia.rs\/index.php\/wp-json\/wp\/v2\/posts\/23304\/revisions"}],"predecessor-version":[{"id":23306,"href":"https:\/\/centralmedia.rs\/index.php\/wp-json\/wp\/v2\/posts\/23304\/revisions\/23306"}],"wp:featuredmedia":[{"embeddable":true,"href":"https:\/\/centralmedia.rs\/index.php\/wp-json\/wp\/v2\/media\/22713"}],"wp:attachment":[{"href":"https:\/\/centralmedia.rs\/index.php\/wp-json\/wp\/v2\/media?parent=23304"}],"wp:term":[{"taxonomy":"category","embeddable":true,"href":"https:\/\/centralmedia.rs\/index.php\/wp-json\/wp\/v2\/categories?post=23304"},{"taxonomy":"post_tag","embeddable":true,"href":"https:\/\/centralmedia.rs\/index.php\/wp-json\/wp\/v2\/tags?post=23304"}],"curies":[{"name":"wp","href":"https:\/\/api.w.org\/{rel}","templated":true}]}}