{"id":23307,"date":"2020-04-08T05:38:38","date_gmt":"2020-04-08T05:38:38","guid":{"rendered":"http:\/\/centralmedia.rs\/?p=23307"},"modified":"2020-04-08T17:03:53","modified_gmt":"2020-04-08T17:03:53","slug":"preminuo-dobrica-milicevic","status":"publish","type":"post","link":"https:\/\/centralmedia.rs\/index.php\/2020\/04\/08\/preminuo-dobrica-milicevic\/","title":{"rendered":"PREMINUO DOBRICA MILI\u0106EVI\u0106, doajen srpskog novinarstva"},"content":{"rendered":"<p>JAGODINA- U Jagodini je no\u0107as preminuo Dobrica Mili\u0107evi\u0107 (85), doajen srpskog novinarstva.<\/p>\n<p>Mili\u0107evi\u0107 je novinarsku karijeru po\u010deo je u\u00a0Radio Svetozarevu\u00a0gde je bio prvi spiker, reporter i urednik. On se sa Oliverom \u017divkovi\u0107 prvi put obratio slu\u0161aocima Radio Svetozareva 22. septembra 1962. godine re\u010dima ,,Ovde Radio Svetozarevo, dragi slu\u0161aoci, dobar dan&#8221;.<\/p>\n<p>Od 1974. godine radio je u\u00a0Radio Beogradu, gde je bio voditelj, redaktor, odgovorni urednik informativnog programa, zamenik glavnog i odgovornog urednika&#8230;<\/p>\n<p>Objavio je \u0161est knjiga, nekoliko dokumentarnih TV reporta\u017ea, me\u0111u kojima i dokumentarni film o ruskom pesniku Sergeju Jesenjinu, reporta\u017ea o manastirima Resavske svete gore.<\/p>\n<p>Iako u penziji, Mili\u0107evi\u0107 je do poslednjeg dana obavljao funkciju umetni\u010dkog direktora Pozori\u0161nog festivala najboljih komediografskih ostvarenja Srbije &#8220;Dani komedije&#8221; u Jagodini.<\/p>\n","protected":false},"excerpt":{"rendered":"<p>JAGODINA- U Jagodini je no\u0107as preminuo Dobrica Mili\u0107evi\u0107 (85), doajen srpskog novinarstva. Mili\u0107evi\u0107 je novinarsku karijeru po\u010deo je u\u00a0Radio Svetozarevu\u00a0gde je bio prvi spiker, reporter &hellip; <\/p>\n","protected":false},"author":2,"featured_media":23321,"comment_status":"open","ping_status":"open","sticky":false,"template":"","format":"standard","meta":{"footnotes":""},"categories":[14,1524,2,1514,12],"tags":[4547,58,4548],"_links":{"self":[{"href":"https:\/\/centralmedia.rs\/index.php\/wp-json\/wp\/v2\/posts\/23307"}],"collection":[{"href":"https:\/\/centralmedia.rs\/index.php\/wp-json\/wp\/v2\/posts"}],"about":[{"href":"https:\/\/centralmedia.rs\/index.php\/wp-json\/wp\/v2\/types\/post"}],"author":[{"embeddable":true,"href":"https:\/\/centralmedia.rs\/index.php\/wp-json\/wp\/v2\/users\/2"}],"replies":[{"embeddable":true,"href":"https:\/\/centralmedia.rs\/index.php\/wp-json\/wp\/v2\/comments?post=23307"}],"version-history":[{"count":5,"href":"https:\/\/centralmedia.rs\/index.php\/wp-json\/wp\/v2\/posts\/23307\/revisions"}],"predecessor-version":[{"id":23317,"href":"https:\/\/centralmedia.rs\/index.php\/wp-json\/wp\/v2\/posts\/23307\/revisions\/23317"}],"wp:featuredmedia":[{"embeddable":true,"href":"https:\/\/centralmedia.rs\/index.php\/wp-json\/wp\/v2\/media\/23321"}],"wp:attachment":[{"href":"https:\/\/centralmedia.rs\/index.php\/wp-json\/wp\/v2\/media?parent=23307"}],"wp:term":[{"taxonomy":"category","embeddable":true,"href":"https:\/\/centralmedia.rs\/index.php\/wp-json\/wp\/v2\/categories?post=23307"},{"taxonomy":"post_tag","embeddable":true,"href":"https:\/\/centralmedia.rs\/index.php\/wp-json\/wp\/v2\/tags?post=23307"}],"curies":[{"name":"wp","href":"https:\/\/api.w.org\/{rel}","templated":true}]}}