{"id":23329,"date":"2020-04-08T19:00:13","date_gmt":"2020-04-08T19:00:13","guid":{"rendered":"http:\/\/centralmedia.rs\/?p=23329"},"modified":"2020-04-13T10:04:33","modified_gmt":"2020-04-13T10:04:33","slug":"pomoc-najstarijima-u-paracinu","status":"publish","type":"post","link":"https:\/\/centralmedia.rs\/index.php\/2020\/04\/08\/pomoc-najstarijima-u-paracinu\/","title":{"rendered":"POMO\u0106 NAJSTARIJIMA U PARA\u0106INU"},"content":{"rendered":"<p>PARA\u0106IN- Paketi hrane danas podeljeni starijim licima od 65 godina u stanju socijalne potrebe u \u0160aludovcu, Le\u0161ju i MZ Glo\u017edak u Para\u0107inu.<\/p>\n<p>-I danas smo nastavili, kao i predhonih dana, sa podelom paketa hrane za starije od 65 godina u saradnji sa SO Para\u0107in i Slu\u017ebom za podr\u0161ku. Nastavljamo sa podelom paketa. Ovo je prvi krug, u drugom \u0107e biti obuhva\u0107eni i ostali ugro\u017eeni gra\u0111ani, u stanju socijalne potrebe. Stru\u010dni tim Centra za socijalni rad obra\u0111uje zahteve i odre\u0111uje kome je pomo\u0107 potrebna, ka\u017ee direktorka Centra za socijalni rad Slavica Risti\u0107.<\/p>\n<div id='gallery-1' class='gallery galleryid-23329 gallery-columns-5 gallery-size-thumbnail'><figure class='gallery-item'>\n\t\t\t<div class='gallery-icon landscape'>\n\t\t\t\t<a href='https:\/\/centralmedia.rs\/index.php\/2020\/04\/08\/pomoc-najstarijima-u-paracinu\/pomoc-10\/'><img loading=\"lazy\" decoding=\"async\" width=\"150\" height=\"150\" src=\"https:\/\/centralmedia.rs\/wp-content\/uploads\/2020\/04\/pomoc-1-150x150.jpg\" class=\"attachment-thumbnail size-thumbnail\" alt=\"\" \/><\/a>\n\t\t\t<\/div><\/figure><figure class='gallery-item'>\n\t\t\t<div class='gallery-icon landscape'>\n\t\t\t\t<a href='https:\/\/centralmedia.rs\/index.php\/2020\/04\/08\/pomoc-najstarijima-u-paracinu\/pomoc1-2\/'><img loading=\"lazy\" decoding=\"async\" width=\"150\" height=\"150\" src=\"https:\/\/centralmedia.rs\/wp-content\/uploads\/2020\/04\/pomoc1-1-150x150.jpg\" class=\"attachment-thumbnail size-thumbnail\" alt=\"\" \/><\/a>\n\t\t\t<\/div><\/figure><figure class='gallery-item'>\n\t\t\t<div class='gallery-icon landscape'>\n\t\t\t\t<a href='https:\/\/centralmedia.rs\/index.php\/2020\/04\/08\/pomoc-najstarijima-u-paracinu\/pomoc2-2\/'><img loading=\"lazy\" decoding=\"async\" width=\"150\" height=\"150\" src=\"https:\/\/centralmedia.rs\/wp-content\/uploads\/2020\/04\/pomoc2-1-150x150.jpg\" class=\"attachment-thumbnail size-thumbnail\" alt=\"\" \/><\/a>\n\t\t\t<\/div><\/figure><figure class='gallery-item'>\n\t\t\t<div class='gallery-icon landscape'>\n\t\t\t\t<a href='https:\/\/centralmedia.rs\/index.php\/2020\/04\/08\/pomoc-najstarijima-u-paracinu\/pomoc3\/'><img loading=\"lazy\" decoding=\"async\" width=\"150\" height=\"150\" src=\"https:\/\/centralmedia.rs\/wp-content\/uploads\/2020\/04\/pomoc3-150x150.jpg\" class=\"attachment-thumbnail size-thumbnail\" alt=\"\" \/><\/a>\n\t\t\t<\/div><\/figure><figure class='gallery-item'>\n\t\t\t<div class='gallery-icon landscape'>\n\t\t\t\t<a href='https:\/\/centralmedia.rs\/index.php\/2020\/04\/08\/pomoc-najstarijima-u-paracinu\/pomoc4\/'><img loading=\"lazy\" decoding=\"async\" width=\"150\" height=\"150\" src=\"https:\/\/centralmedia.rs\/wp-content\/uploads\/2020\/04\/pomoc4-150x150.jpg\" class=\"attachment-thumbnail size-thumbnail\" alt=\"\" \/><\/a>\n\t\t\t<\/div><\/figure>\n\t\t<\/div>\n\n","protected":false},"excerpt":{"rendered":"<p>PARA\u0106IN- Paketi hrane danas podeljeni starijim licima od 65 godina u stanju socijalne potrebe u \u0160aludovcu, Le\u0161ju i MZ Glo\u017edak u Para\u0107inu. -I danas smo &hellip; <\/p>\n","protected":false},"author":2,"featured_media":23330,"comment_status":"open","ping_status":"open","sticky":false,"template":"","format":"standard","meta":{"footnotes":""},"categories":[1524,2,1516,887,16,12],"tags":[4553,156,172],"_links":{"self":[{"href":"https:\/\/centralmedia.rs\/index.php\/wp-json\/wp\/v2\/posts\/23329"}],"collection":[{"href":"https:\/\/centralmedia.rs\/index.php\/wp-json\/wp\/v2\/posts"}],"about":[{"href":"https:\/\/centralmedia.rs\/index.php\/wp-json\/wp\/v2\/types\/post"}],"author":[{"embeddable":true,"href":"https:\/\/centralmedia.rs\/index.php\/wp-json\/wp\/v2\/users\/2"}],"replies":[{"embeddable":true,"href":"https:\/\/centralmedia.rs\/index.php\/wp-json\/wp\/v2\/comments?post=23329"}],"version-history":[{"count":2,"href":"https:\/\/centralmedia.rs\/index.php\/wp-json\/wp\/v2\/posts\/23329\/revisions"}],"predecessor-version":[{"id":23336,"href":"https:\/\/centralmedia.rs\/index.php\/wp-json\/wp\/v2\/posts\/23329\/revisions\/23336"}],"wp:featuredmedia":[{"embeddable":true,"href":"https:\/\/centralmedia.rs\/index.php\/wp-json\/wp\/v2\/media\/23330"}],"wp:attachment":[{"href":"https:\/\/centralmedia.rs\/index.php\/wp-json\/wp\/v2\/media?parent=23329"}],"wp:term":[{"taxonomy":"category","embeddable":true,"href":"https:\/\/centralmedia.rs\/index.php\/wp-json\/wp\/v2\/categories?post=23329"},{"taxonomy":"post_tag","embeddable":true,"href":"https:\/\/centralmedia.rs\/index.php\/wp-json\/wp\/v2\/tags?post=23329"}],"curies":[{"name":"wp","href":"https:\/\/api.w.org\/{rel}","templated":true}]}}