{"id":23353,"date":"2020-04-09T17:29:51","date_gmt":"2020-04-09T17:29:51","guid":{"rendered":"http:\/\/centralmedia.rs\/?p=23353"},"modified":"2020-04-13T10:05:04","modified_gmt":"2020-04-13T10:05:04","slug":"u-funkciji-novi-sistem-za-odbranu-od-poplava","status":"publish","type":"post","link":"https:\/\/centralmedia.rs\/index.php\/2020\/04\/09\/u-funkciji-novi-sistem-za-odbranu-od-poplava\/","title":{"rendered":"U FUNKCIJI NOVI SISTEM ZA ODBRANU OD POPLAVA"},"content":{"rendered":"<p>PARA\u0106IN-Nastavljena je izgradnja korita za male vode u okviru novog sistema odbrane od poplava na Crnici u Para\u0107inu. Para\u0107inci su mogli da se uvere kako funkcioni\u0161e ovaj deo sistema u vreme pove\u0107anog vodostaja, br\u017ei protok reke kroz grad, nema nanosa, ve\u0107a bezbednost. Mnogi drugi infrastrukturni projekti su, me\u0111utim, zaustavljeni tokom trajanja vanrednog stanja.<\/p>\n<div id='gallery-1' class='gallery galleryid-23353 gallery-columns-3 gallery-size-full'><figure class='gallery-item'>\n\t\t\t<div class='gallery-icon landscape'>\n\t\t\t\t<a href='https:\/\/centralmedia.rs\/index.php\/2020\/04\/09\/u-funkciji-novi-sistem-za-odbranu-od-poplava\/crnica-2\/'><img loading=\"lazy\" decoding=\"async\" width=\"2048\" height=\"1152\" src=\"https:\/\/centralmedia.rs\/wp-content\/uploads\/2020\/04\/CRNICA.jpg\" class=\"attachment-full size-full\" alt=\"\" srcset=\"https:\/\/centralmedia.rs\/wp-content\/uploads\/2020\/04\/CRNICA.jpg 2048w, https:\/\/centralmedia.rs\/wp-content\/uploads\/2020\/04\/CRNICA-300x169.jpg 300w, https:\/\/centralmedia.rs\/wp-content\/uploads\/2020\/04\/CRNICA-768x432.jpg 768w, https:\/\/centralmedia.rs\/wp-content\/uploads\/2020\/04\/CRNICA-1024x576.jpg 1024w, https:\/\/centralmedia.rs\/wp-content\/uploads\/2020\/04\/CRNICA-747x420.jpg 747w, https:\/\/centralmedia.rs\/wp-content\/uploads\/2020\/04\/CRNICA-640x360.jpg 640w, https:\/\/centralmedia.rs\/wp-content\/uploads\/2020\/04\/CRNICA-681x383.jpg 681w\" sizes=\"(max-width: 2048px) 100vw, 2048px\" \/><\/a>\n\t\t\t<\/div><\/figure><figure class='gallery-item'>\n\t\t\t<div class='gallery-icon landscape'>\n\t\t\t\t<a href='https:\/\/centralmedia.rs\/index.php\/2020\/04\/09\/u-funkciji-novi-sistem-za-odbranu-od-poplava\/crnica1-2\/'><img loading=\"lazy\" decoding=\"async\" width=\"2048\" height=\"1152\" src=\"https:\/\/centralmedia.rs\/wp-content\/uploads\/2020\/04\/CRNICA1.jpg\" class=\"attachment-full size-full\" alt=\"\" srcset=\"https:\/\/centralmedia.rs\/wp-content\/uploads\/2020\/04\/CRNICA1.jpg 2048w, https:\/\/centralmedia.rs\/wp-content\/uploads\/2020\/04\/CRNICA1-300x169.jpg 300w, https:\/\/centralmedia.rs\/wp-content\/uploads\/2020\/04\/CRNICA1-768x432.jpg 768w, https:\/\/centralmedia.rs\/wp-content\/uploads\/2020\/04\/CRNICA1-1024x576.jpg 1024w, https:\/\/centralmedia.rs\/wp-content\/uploads\/2020\/04\/CRNICA1-747x420.jpg 747w, https:\/\/centralmedia.rs\/wp-content\/uploads\/2020\/04\/CRNICA1-640x360.jpg 640w, https:\/\/centralmedia.rs\/wp-content\/uploads\/2020\/04\/CRNICA1-681x383.jpg 681w\" sizes=\"(max-width: 2048px) 100vw, 2048px\" \/><\/a>\n\t\t\t<\/div><\/figure><figure class='gallery-item'>\n\t\t\t<div class='gallery-icon landscape'>\n\t\t\t\t<a href='https:\/\/centralmedia.rs\/index.php\/2020\/04\/09\/u-funkciji-novi-sistem-za-odbranu-od-poplava\/crnica2-2\/'><img loading=\"lazy\" decoding=\"async\" width=\"2048\" height=\"1152\" src=\"https:\/\/centralmedia.rs\/wp-content\/uploads\/2020\/04\/CRNICA2.jpg\" class=\"attachment-full size-full\" alt=\"\" srcset=\"https:\/\/centralmedia.rs\/wp-content\/uploads\/2020\/04\/CRNICA2.jpg 2048w, https:\/\/centralmedia.rs\/wp-content\/uploads\/2020\/04\/CRNICA2-300x169.jpg 300w, https:\/\/centralmedia.rs\/wp-content\/uploads\/2020\/04\/CRNICA2-768x432.jpg 768w, https:\/\/centralmedia.rs\/wp-content\/uploads\/2020\/04\/CRNICA2-1024x576.jpg 1024w, https:\/\/centralmedia.rs\/wp-content\/uploads\/2020\/04\/CRNICA2-747x420.jpg 747w, https:\/\/centralmedia.rs\/wp-content\/uploads\/2020\/04\/CRNICA2-640x360.jpg 640w, https:\/\/centralmedia.rs\/wp-content\/uploads\/2020\/04\/CRNICA2-681x383.jpg 681w\" sizes=\"(max-width: 2048px) 100vw, 2048px\" \/><\/a>\n\t\t\t<\/div><\/figure>\n\t\t<\/div>\n\n","protected":false},"excerpt":{"rendered":"<p>PARA\u0106IN-Nastavljena je izgradnja korita za male vode u okviru novog sistema odbrane od poplava na Crnici u Para\u0107inu. Para\u0107inci su mogli da se uvere kako &hellip; <\/p>\n","protected":false},"author":2,"featured_media":23354,"comment_status":"open","ping_status":"open","sticky":false,"template":"","format":"standard","meta":{"footnotes":""},"categories":[1524,1516,887,16,12],"tags":[1551,156,4559],"_links":{"self":[{"href":"https:\/\/centralmedia.rs\/index.php\/wp-json\/wp\/v2\/posts\/23353"}],"collection":[{"href":"https:\/\/centralmedia.rs\/index.php\/wp-json\/wp\/v2\/posts"}],"about":[{"href":"https:\/\/centralmedia.rs\/index.php\/wp-json\/wp\/v2\/types\/post"}],"author":[{"embeddable":true,"href":"https:\/\/centralmedia.rs\/index.php\/wp-json\/wp\/v2\/users\/2"}],"replies":[{"embeddable":true,"href":"https:\/\/centralmedia.rs\/index.php\/wp-json\/wp\/v2\/comments?post=23353"}],"version-history":[{"count":1,"href":"https:\/\/centralmedia.rs\/index.php\/wp-json\/wp\/v2\/posts\/23353\/revisions"}],"predecessor-version":[{"id":23358,"href":"https:\/\/centralmedia.rs\/index.php\/wp-json\/wp\/v2\/posts\/23353\/revisions\/23358"}],"wp:featuredmedia":[{"embeddable":true,"href":"https:\/\/centralmedia.rs\/index.php\/wp-json\/wp\/v2\/media\/23354"}],"wp:attachment":[{"href":"https:\/\/centralmedia.rs\/index.php\/wp-json\/wp\/v2\/media?parent=23353"}],"wp:term":[{"taxonomy":"category","embeddable":true,"href":"https:\/\/centralmedia.rs\/index.php\/wp-json\/wp\/v2\/categories?post=23353"},{"taxonomy":"post_tag","embeddable":true,"href":"https:\/\/centralmedia.rs\/index.php\/wp-json\/wp\/v2\/tags?post=23353"}],"curies":[{"name":"wp","href":"https:\/\/api.w.org\/{rel}","templated":true}]}}