{"id":23359,"date":"2020-04-09T17:41:54","date_gmt":"2020-04-09T17:41:54","guid":{"rendered":"http:\/\/centralmedia.rs\/?p=23359"},"modified":"2020-04-13T10:05:10","modified_gmt":"2020-04-13T10:05:10","slug":"radovi-na-decijem-igralistu-posle-vanrednog-stanja","status":"publish","type":"post","link":"https:\/\/centralmedia.rs\/index.php\/2020\/04\/09\/radovi-na-decijem-igralistu-posle-vanrednog-stanja\/","title":{"rendered":"RADOVI NA DE\u010cIJEM IGRALI\u0160TU POSLE VANREDNOG STANJA"},"content":{"rendered":"<p>PARA\u0106IN-Radovi na izgradnji jo\u0161 jednog de\u010dijeg igrali\u0161ta u parku kod crkve u Para\u0107inu su obustavljeni i, kako saznajemo, bi\u0107e nastavljeni posle zavr\u0161etka vanrednog stanja. U Para\u0107inu se zavr\u0161ava jo\u0161 nekoliko de\u010dijih igrali\u0161ta.<\/p>\n<div id='gallery-1' class='gallery galleryid-23359 gallery-columns-3 gallery-size-full'><figure class='gallery-item'>\n\t\t\t<div class='gallery-icon landscape'>\n\t\t\t\t<a href='https:\/\/centralmedia.rs\/index.php\/2020\/04\/09\/radovi-na-decijem-igralistu-posle-vanrednog-stanja\/igraliste1\/'><img loading=\"lazy\" decoding=\"async\" width=\"1600\" height=\"900\" src=\"https:\/\/centralmedia.rs\/wp-content\/uploads\/2020\/04\/IGRALISTE1.jpg\" class=\"attachment-full size-full\" alt=\"\" srcset=\"https:\/\/centralmedia.rs\/wp-content\/uploads\/2020\/04\/IGRALISTE1.jpg 1600w, https:\/\/centralmedia.rs\/wp-content\/uploads\/2020\/04\/IGRALISTE1-300x169.jpg 300w, https:\/\/centralmedia.rs\/wp-content\/uploads\/2020\/04\/IGRALISTE1-768x432.jpg 768w, https:\/\/centralmedia.rs\/wp-content\/uploads\/2020\/04\/IGRALISTE1-1024x576.jpg 1024w, https:\/\/centralmedia.rs\/wp-content\/uploads\/2020\/04\/IGRALISTE1-747x420.jpg 747w, https:\/\/centralmedia.rs\/wp-content\/uploads\/2020\/04\/IGRALISTE1-640x360.jpg 640w, https:\/\/centralmedia.rs\/wp-content\/uploads\/2020\/04\/IGRALISTE1-681x383.jpg 681w\" sizes=\"(max-width: 1600px) 100vw, 1600px\" \/><\/a>\n\t\t\t<\/div><\/figure><figure class='gallery-item'>\n\t\t\t<div class='gallery-icon landscape'>\n\t\t\t\t<a href='https:\/\/centralmedia.rs\/index.php\/2020\/04\/09\/radovi-na-decijem-igralistu-posle-vanrednog-stanja\/igralsite2\/'><img loading=\"lazy\" decoding=\"async\" width=\"1600\" height=\"900\" src=\"https:\/\/centralmedia.rs\/wp-content\/uploads\/2020\/04\/IGRALSITE2.jpg\" class=\"attachment-full size-full\" alt=\"\" srcset=\"https:\/\/centralmedia.rs\/wp-content\/uploads\/2020\/04\/IGRALSITE2.jpg 1600w, https:\/\/centralmedia.rs\/wp-content\/uploads\/2020\/04\/IGRALSITE2-300x169.jpg 300w, https:\/\/centralmedia.rs\/wp-content\/uploads\/2020\/04\/IGRALSITE2-768x432.jpg 768w, https:\/\/centralmedia.rs\/wp-content\/uploads\/2020\/04\/IGRALSITE2-1024x576.jpg 1024w, https:\/\/centralmedia.rs\/wp-content\/uploads\/2020\/04\/IGRALSITE2-747x420.jpg 747w, https:\/\/centralmedia.rs\/wp-content\/uploads\/2020\/04\/IGRALSITE2-640x360.jpg 640w, https:\/\/centralmedia.rs\/wp-content\/uploads\/2020\/04\/IGRALSITE2-681x383.jpg 681w\" sizes=\"(max-width: 1600px) 100vw, 1600px\" \/><\/a>\n\t\t\t<\/div><\/figure><figure class='gallery-item'>\n\t\t\t<div class='gallery-icon landscape'>\n\t\t\t\t<a href='https:\/\/centralmedia.rs\/index.php\/2020\/04\/09\/radovi-na-decijem-igralistu-posle-vanrednog-stanja\/igralsite3\/'><img loading=\"lazy\" decoding=\"async\" width=\"1600\" height=\"900\" src=\"https:\/\/centralmedia.rs\/wp-content\/uploads\/2020\/04\/IGRALSITE3.jpg\" class=\"attachment-full size-full\" alt=\"\" srcset=\"https:\/\/centralmedia.rs\/wp-content\/uploads\/2020\/04\/IGRALSITE3.jpg 1600w, https:\/\/centralmedia.rs\/wp-content\/uploads\/2020\/04\/IGRALSITE3-300x169.jpg 300w, https:\/\/centralmedia.rs\/wp-content\/uploads\/2020\/04\/IGRALSITE3-768x432.jpg 768w, https:\/\/centralmedia.rs\/wp-content\/uploads\/2020\/04\/IGRALSITE3-1024x576.jpg 1024w, https:\/\/centralmedia.rs\/wp-content\/uploads\/2020\/04\/IGRALSITE3-747x420.jpg 747w, https:\/\/centralmedia.rs\/wp-content\/uploads\/2020\/04\/IGRALSITE3-640x360.jpg 640w, https:\/\/centralmedia.rs\/wp-content\/uploads\/2020\/04\/IGRALSITE3-681x383.jpg 681w\" sizes=\"(max-width: 1600px) 100vw, 1600px\" \/><\/a>\n\t\t\t<\/div><\/figure>\n\t\t<\/div>\n\n","protected":false},"excerpt":{"rendered":"<p>PARA\u0106IN-Radovi na izgradnji jo\u0161 jednog de\u010dijeg igrali\u0161ta u parku kod crkve u Para\u0107inu su obustavljeni i, kako saznajemo, bi\u0107e nastavljeni posle zavr\u0161etka vanrednog stanja. U &hellip; <\/p>\n","protected":false},"author":2,"featured_media":23360,"comment_status":"open","ping_status":"open","sticky":false,"template":"","format":"standard","meta":{"footnotes":""},"categories":[1524,2,1516,887,16,12],"tags":[867,4507,156],"_links":{"self":[{"href":"https:\/\/centralmedia.rs\/index.php\/wp-json\/wp\/v2\/posts\/23359"}],"collection":[{"href":"https:\/\/centralmedia.rs\/index.php\/wp-json\/wp\/v2\/posts"}],"about":[{"href":"https:\/\/centralmedia.rs\/index.php\/wp-json\/wp\/v2\/types\/post"}],"author":[{"embeddable":true,"href":"https:\/\/centralmedia.rs\/index.php\/wp-json\/wp\/v2\/users\/2"}],"replies":[{"embeddable":true,"href":"https:\/\/centralmedia.rs\/index.php\/wp-json\/wp\/v2\/comments?post=23359"}],"version-history":[{"count":1,"href":"https:\/\/centralmedia.rs\/index.php\/wp-json\/wp\/v2\/posts\/23359\/revisions"}],"predecessor-version":[{"id":23364,"href":"https:\/\/centralmedia.rs\/index.php\/wp-json\/wp\/v2\/posts\/23359\/revisions\/23364"}],"wp:featuredmedia":[{"embeddable":true,"href":"https:\/\/centralmedia.rs\/index.php\/wp-json\/wp\/v2\/media\/23360"}],"wp:attachment":[{"href":"https:\/\/centralmedia.rs\/index.php\/wp-json\/wp\/v2\/media?parent=23359"}],"wp:term":[{"taxonomy":"category","embeddable":true,"href":"https:\/\/centralmedia.rs\/index.php\/wp-json\/wp\/v2\/categories?post=23359"},{"taxonomy":"post_tag","embeddable":true,"href":"https:\/\/centralmedia.rs\/index.php\/wp-json\/wp\/v2\/tags?post=23359"}],"curies":[{"name":"wp","href":"https:\/\/api.w.org\/{rel}","templated":true}]}}