{"id":23365,"date":"2020-04-09T18:11:28","date_gmt":"2020-04-09T18:11:28","guid":{"rendered":"http:\/\/centralmedia.rs\/?p=23365"},"modified":"2020-04-13T10:05:21","modified_gmt":"2020-04-13T10:05:21","slug":"sindikat-sloga-podneo-prijavu-protiv-komandanta-poligona-pasuljanske-livade","status":"publish","type":"post","link":"https:\/\/centralmedia.rs\/index.php\/2020\/04\/09\/sindikat-sloga-podneo-prijavu-protiv-komandanta-poligona-pasuljanske-livade\/","title":{"rendered":"Sindikat Sloga podneo prijavu protiv komandanta poligona &#8220;Pasuljanske livade&#8221;"},"content":{"rendered":"<p>\u0106UPRIJA- Sindikat Sloga zaposlenih u Ministarstvu odbrane i Vojsci Srbije podneo je krivi\u010dnu prijavu protiv komandanta poligona &#8220;Pasuljanske livade&#8221; potpukovnika Neboj\u0161e Lojpura zbog toga \u0161to je najmanje 10 vojnika sa tog poligona zara\u017eeno koronavirusom, saop\u0161tio je taj sindikat.<\/p>\n<p>Lojpur se u krivi\u010dnoj prijavi, u kojoj su poimenice navedeni svi zara\u017eeni vojnici, tereti da je u okviru svoje nadle\u017enosti propustio da preduzme propisane, nare\u0111ene ili druge o\u010digledno potrebne mere za obezbe\u0111enje jedinice, \u010duvanje \u017eivota i zdravlja ljudi koji su mu povereni.<\/p>\n<p>Sindikat tereti Lojpura da nije ni\u0161ta uradio i preduzeo potrebne mere izolacije, niti sampizolacije, ve\u0107 su vojnici i dalje obavljali du\u017enost ostvaljaju\u0107i mogu\u0107nost da pro\u0161ire virus na sve pripadnike jedinice, ali na svoje porodice iako se prvi oboleli iz te jedinice javio jo\u0161 30. marta.<\/p>\n<p>Prema tvrdnjama sindikata Sloga, Lojpur je jo\u0161 26. marta bio u kontaktu sa direktorom bolnice u \u0106upriji koji je hospitalizovan, jer mu je potvr\u0111ena korona, ali potpukovnik posle toga nije oti\u0161ao u samoizolaciju, &#8220;iako je i on mogao da bude prenosilac virusa pripadnicima jedinice&#8221;.<\/p>\n<p>Na poligonu &#8220;Pasuljanske livade&#8221; je 5. aprila na ve\u017ebi boravio i ministar odbrane Aleksandar Vulin, zajedno sa na\u010delnikom General\u0161taba vojske Srbije generalom Milanom Mojsilovi\u0107em i saradnicima, kao i pripadnicima 82. avijacijske brigade iz Kraljeva, koji su tamo imali ve\u017ebu.<\/p>\n<p>Sindikat tvrdi da Lojpura niko nije upzorio niti primenio propisane kazne za one koji ne po\u0161tuju mere samoizolacije , a bili su u kontaktu sa obolelim.<\/p>\n<p>Zbog toga Sindikat pita kako je mogu\u0107e da pravila samoizolacije va\u017ee selektivno u situaciji kada je ceo svet u pandemiji i kada je u zemlji zbog svega uvedeno vanredno stanje.<\/p>\n","protected":false},"excerpt":{"rendered":"<p>\u0106UPRIJA- Sindikat Sloga zaposlenih u Ministarstvu odbrane i Vojsci Srbije podneo je krivi\u010dnu prijavu protiv komandanta poligona &#8220;Pasuljanske livade&#8221; potpukovnika Neboj\u0161e Lojpura zbog toga \u0161to &hellip; <\/p>\n","protected":false},"author":2,"featured_media":23366,"comment_status":"open","ping_status":"open","sticky":false,"template":"","format":"standard","meta":{"footnotes":""},"categories":[1515,14,1524,2,12],"tags":[4561,1182,390,4560],"_links":{"self":[{"href":"https:\/\/centralmedia.rs\/index.php\/wp-json\/wp\/v2\/posts\/23365"}],"collection":[{"href":"https:\/\/centralmedia.rs\/index.php\/wp-json\/wp\/v2\/posts"}],"about":[{"href":"https:\/\/centralmedia.rs\/index.php\/wp-json\/wp\/v2\/types\/post"}],"author":[{"embeddable":true,"href":"https:\/\/centralmedia.rs\/index.php\/wp-json\/wp\/v2\/users\/2"}],"replies":[{"embeddable":true,"href":"https:\/\/centralmedia.rs\/index.php\/wp-json\/wp\/v2\/comments?post=23365"}],"version-history":[{"count":1,"href":"https:\/\/centralmedia.rs\/index.php\/wp-json\/wp\/v2\/posts\/23365\/revisions"}],"predecessor-version":[{"id":23367,"href":"https:\/\/centralmedia.rs\/index.php\/wp-json\/wp\/v2\/posts\/23365\/revisions\/23367"}],"wp:featuredmedia":[{"embeddable":true,"href":"https:\/\/centralmedia.rs\/index.php\/wp-json\/wp\/v2\/media\/23366"}],"wp:attachment":[{"href":"https:\/\/centralmedia.rs\/index.php\/wp-json\/wp\/v2\/media?parent=23365"}],"wp:term":[{"taxonomy":"category","embeddable":true,"href":"https:\/\/centralmedia.rs\/index.php\/wp-json\/wp\/v2\/categories?post=23365"},{"taxonomy":"post_tag","embeddable":true,"href":"https:\/\/centralmedia.rs\/index.php\/wp-json\/wp\/v2\/tags?post=23365"}],"curies":[{"name":"wp","href":"https:\/\/api.w.org\/{rel}","templated":true}]}}