{"id":23377,"date":"2020-04-10T16:45:03","date_gmt":"2020-04-10T16:45:03","guid":{"rendered":"http:\/\/centralmedia.rs\/?p=23377"},"modified":"2020-04-13T10:06:10","modified_gmt":"2020-04-13T10:06:10","slug":"cuprijska-bolnica-vraca-sluzbe-u-funkciju-prvi-sa-radom-pocinju-anesteziolozi-i-porodiliste","status":"publish","type":"post","link":"https:\/\/centralmedia.rs\/index.php\/2020\/04\/10\/cuprijska-bolnica-vraca-sluzbe-u-funkciju-prvi-sa-radom-pocinju-anesteziolozi-i-porodiliste\/","title":{"rendered":"\u0106UPRIJSKA BOLNICA VRA\u0106A SLU\u017dBE U FUNKCIJU &#8211; PRVI SA RADOM PO\u010cINJU ANESTEZIOLOZI I PORODILI\u0160TE"},"content":{"rendered":"<p>\u0106UPRIJA- Situacija u Op\u0161toj bolnici u \u0106upriji bolja nego pre nekoliko dana, o\u010dekujemo po\u010detak povratka zaposlenih, ras\u010distili smo u svim slu\u017ebama sa sumnjivima na infekciju da ne bi napravili za\u010darani krug. Javlja\u0107e se samo sporadi\u010dni slu\u010dajevi, izavio je \u00a0vd direktor dr Ivan Milojevi\u0107.<\/p>\n<p>&#8211; Od slede\u0107e nedelje vra\u0107amo polako slu\u017ebe u funkciju, koje su ga\u0161ene, dobi\u0107emo anesteziologe, pa porodil\u0161te. Tempom kako su zaposleni odlazili sada \u0107e se vra\u0107ati. Imaju zakazana testiranja i ako su negativni, polako \u0107e se ulaziti u rad. \u00a0Zaustavili smo dalju zarazu i polako \u0107emo vra\u0107ati slu\u017ebe. Dva tehni\u010dara Prijemo-trija\u017enog odeljenja kod kojih je potvr\u0111eno kovid, jedan je ju\u010de radio drugi test, prvi je bio negativan, ka\u017ee dr Milojevi\u0107.\u00a0 \u0106uprijska bolnica ima pedesetak pozitivnih zdravstvenih radnika na kovid. U izolaciji je 110\/120 radnika, koji se polako vra\u0107aju posle dve nedelje.<\/p>\n<p>-Ljudi koji su 27. marta upu\u0107eni u izolaciju, ve\u0107 u subotu im isti\u010de dve nedelje. Ljudi \u010dekaju da se vrate na posao. Normalno radi hemodijaliza uz najve\u0107i mogu\u0107i stepen opreza, sve se po tri puta kontroli\u0161e, maksimalna je za\u0161tita pacijenata, radi se uz najve\u0107e mogu\u0107e mere. Ruski doktori, infektolozi i epidemiolozi, su zadovoljni kako se popravlja situacija, poku\u0161avamo da stabilizujemo sve funkcije. Desilo se da cela smena ispadne u slu\u017ebama koje rade kovid, ali smo svi spremni za to, dolazi druga ekipa koja ih zamenjuje. Imamo snage da sve to izdr\u017eimo, svesni da \u0107e se to de\u0161avati, nagla\u0161ava dr Milojevi\u0107.<\/p>\n<p>Pet slu\u017ebi bolnice orjentisano je prema Kovid centru, gde je trenutno tridesetak pacijenata koji imaju simptome\u00a0 zaraze virusom, ako budu potvr\u0111eni bivaju upu\u0107eni u Beograd. Saradnja tri bolnice se pokazala kao veoma pozitivna pri\u010da jer su gra\u0111ani u Pomoravskom okrugu \u00a0svakom trenutku imali zdravstvenu za\u0161titu. Porodilje iz \u0106uprije su se pora\u0111ale u Jagodini, anesteziolozi iz Jagodine su radili u \u0106upriji, a ortpedi iz \u0106uprije su pomagali u Para\u0107inu.<\/p>\n","protected":false},"excerpt":{"rendered":"<p>\u0106UPRIJA- Situacija u Op\u0161toj bolnici u \u0106upriji bolja nego pre nekoliko dana, o\u010dekujemo po\u010detak povratka zaposlenih, ras\u010distili smo u svim slu\u017ebama sa sumnjivima na infekciju &hellip; <\/p>\n","protected":false},"author":2,"featured_media":23163,"comment_status":"open","ping_status":"open","sticky":false,"template":"","format":"standard","meta":{"footnotes":""},"categories":[1515,28,1524,2,12],"tags":[135,44],"_links":{"self":[{"href":"https:\/\/centralmedia.rs\/index.php\/wp-json\/wp\/v2\/posts\/23377"}],"collection":[{"href":"https:\/\/centralmedia.rs\/index.php\/wp-json\/wp\/v2\/posts"}],"about":[{"href":"https:\/\/centralmedia.rs\/index.php\/wp-json\/wp\/v2\/types\/post"}],"author":[{"embeddable":true,"href":"https:\/\/centralmedia.rs\/index.php\/wp-json\/wp\/v2\/users\/2"}],"replies":[{"embeddable":true,"href":"https:\/\/centralmedia.rs\/index.php\/wp-json\/wp\/v2\/comments?post=23377"}],"version-history":[{"count":1,"href":"https:\/\/centralmedia.rs\/index.php\/wp-json\/wp\/v2\/posts\/23377\/revisions"}],"predecessor-version":[{"id":23378,"href":"https:\/\/centralmedia.rs\/index.php\/wp-json\/wp\/v2\/posts\/23377\/revisions\/23378"}],"wp:featuredmedia":[{"embeddable":true,"href":"https:\/\/centralmedia.rs\/index.php\/wp-json\/wp\/v2\/media\/23163"}],"wp:attachment":[{"href":"https:\/\/centralmedia.rs\/index.php\/wp-json\/wp\/v2\/media?parent=23377"}],"wp:term":[{"taxonomy":"category","embeddable":true,"href":"https:\/\/centralmedia.rs\/index.php\/wp-json\/wp\/v2\/categories?post=23377"},{"taxonomy":"post_tag","embeddable":true,"href":"https:\/\/centralmedia.rs\/index.php\/wp-json\/wp\/v2\/tags?post=23377"}],"curies":[{"name":"wp","href":"https:\/\/api.w.org\/{rel}","templated":true}]}}