{"id":23383,"date":"2020-04-11T08:13:06","date_gmt":"2020-04-11T08:13:06","guid":{"rendered":"http:\/\/centralmedia.rs\/?p=23383"},"modified":"2020-04-13T10:06:33","modified_gmt":"2020-04-13T10:06:33","slug":"u-pomoravskom-okrugu-koronom-zarazeno-blizu-200-gradana","status":"publish","type":"post","link":"https:\/\/centralmedia.rs\/index.php\/2020\/04\/11\/u-pomoravskom-okrugu-koronom-zarazeno-blizu-200-gradana\/","title":{"rendered":"U POMORAVSKOM OKRUGU KORONOM ZARA\u017dENO BLIZU 200 GRA\u0110ANA"},"content":{"rendered":"<p>PARA\u0106IN- U Pomoravskom okrugu broj zara\u017eenih novim korona virusom pribli\u017eava se broju do 200 gra\u0111ana, polovina je u \u0106upriji. Proteklih dana u Op\u0161toj bolnici u tom gradu boravili su epidemiolozi i infektolozi iz Rusije. Za naconalne mediji govorili su predstavnici tri najve\u0107a grada.<\/p>\n<p>&#8211; Dali su nam odre\u0111ene savete da se u Op\u0161toj bolnici izoluje Odeljenje dijalize, ali i u delu gde se nalazi Kovid centar na koji na\u010din medicinski radnici treba da ulaze ili izlaze iz centra. Kriva zara\u017eenih po\u010dinje da se ispravlja, nemamo vi\u0161e rapidan rast obolelih, rekao je predsednik te op\u0161tine Ninoslav Eri\u0107.<\/p>\n<p>U Para\u0107inu, gde je 55 zara\u017eenih, isti\u010du da je gra\u0111anstvo disciplinovano i da se po\u0161tuju mere koje dr\u017eava odredi.<\/p>\n<p>&#8211; U Jagodini je 32. obolelih. Mi smo se organizovali, kada je re\u010d o zdravstenim ustanovama, obezbedili smo za\u0161titnu opremu za zaposlene. Jedini smo grad u Srbije gde nije zatvorena Zelena pijaca. Dr\u017eava je dala preporuku lokalnim samoupravama za zatvaranje, ali ako zatvorimo i pijacu, a sve u okru\u017eenju su \u00a0zatvorene, gde \u0107e gra\u0111ani da se snabdevaju, rekao je predsednik Skup\u0161tine grada Dragan Markovi\u0107 Palma.<\/p>\n<p>Foto : Sputnik<\/p>\n","protected":false},"excerpt":{"rendered":"<p>PARA\u0106IN- U Pomoravskom okrugu broj zara\u017eenih novim korona virusom pribli\u017eava se broju do 200 gra\u0111ana, polovina je u \u0106upriji. Proteklih dana u Op\u0161toj bolnici u &hellip; <\/p>\n","protected":false},"author":2,"featured_media":22948,"comment_status":"open","ping_status":"open","sticky":false,"template":"","format":"standard","meta":{"footnotes":""},"categories":[14,1524,2,1516,887,12],"tags":[44,58,4440,156],"_links":{"self":[{"href":"https:\/\/centralmedia.rs\/index.php\/wp-json\/wp\/v2\/posts\/23383"}],"collection":[{"href":"https:\/\/centralmedia.rs\/index.php\/wp-json\/wp\/v2\/posts"}],"about":[{"href":"https:\/\/centralmedia.rs\/index.php\/wp-json\/wp\/v2\/types\/post"}],"author":[{"embeddable":true,"href":"https:\/\/centralmedia.rs\/index.php\/wp-json\/wp\/v2\/users\/2"}],"replies":[{"embeddable":true,"href":"https:\/\/centralmedia.rs\/index.php\/wp-json\/wp\/v2\/comments?post=23383"}],"version-history":[{"count":1,"href":"https:\/\/centralmedia.rs\/index.php\/wp-json\/wp\/v2\/posts\/23383\/revisions"}],"predecessor-version":[{"id":23384,"href":"https:\/\/centralmedia.rs\/index.php\/wp-json\/wp\/v2\/posts\/23383\/revisions\/23384"}],"wp:featuredmedia":[{"embeddable":true,"href":"https:\/\/centralmedia.rs\/index.php\/wp-json\/wp\/v2\/media\/22948"}],"wp:attachment":[{"href":"https:\/\/centralmedia.rs\/index.php\/wp-json\/wp\/v2\/media?parent=23383"}],"wp:term":[{"taxonomy":"category","embeddable":true,"href":"https:\/\/centralmedia.rs\/index.php\/wp-json\/wp\/v2\/categories?post=23383"},{"taxonomy":"post_tag","embeddable":true,"href":"https:\/\/centralmedia.rs\/index.php\/wp-json\/wp\/v2\/tags?post=23383"}],"curies":[{"name":"wp","href":"https:\/\/api.w.org\/{rel}","templated":true}]}}