{"id":23520,"date":"2020-04-17T17:19:17","date_gmt":"2020-04-17T17:19:17","guid":{"rendered":"http:\/\/centralmedia.rs\/?p=23520"},"modified":"2020-04-21T15:18:56","modified_gmt":"2020-04-21T15:18:56","slug":"dr-nestorovic-lekar-inficirao-kolege-u-cuprijskoj-i-paracinskoj-bolnici","status":"publish","type":"post","link":"https:\/\/centralmedia.rs\/index.php\/2020\/04\/17\/dr-nestorovic-lekar-inficirao-kolege-u-cuprijskoj-i-paracinskoj-bolnici\/","title":{"rendered":"DR NESTOROVI\u0106: LEKAR INFICIRAO KOLEGE U \u0106UPRIJSKOJ I PARA\u0106INSKOJ BOLNICI"},"content":{"rendered":"<p>\u0106UPRIJA- Dr Branimir Nestori\u0107, \u010dlan Kriznog \u0161taba Vlade Srbije izjavio je danas za TV B92 da je virus covid-19 u \u0107uprijsku bolnicu ,,uneo&#8221; lekar i zarazio ostale zdravstvene radnike u toj bolnici, \u010dak i u Para\u0107inu.<\/p>\n<p>-Zdravstveni radnici koji rade sa covid pozitivnim pacijentima su se najmanje inficirali. Na Infektivnoj klinici nema inficiranih, u Beogradu i Ni\u0161u. Oni su imali za\u0161titnu opremu. Najve\u0107i broj ljudi je stradao ne \u0161to se zarazio u bolnicama, nego privatno. To moram da ka\u017eem. Doktorka u Ni\u0161u, koja je umrla, nju je zarazila ro\u0111aka iz \u0160vajcarske. Kolegi iz \u0106uprije je virus doneo kum, koji je do\u0161ao iz \u0160vajcarske. Oni se nisu se zarazili u bolnici. Ali su i\u0161li u bolnicu, zarazili druge zdravstvene radnike. U \u0106upriji su se svi zarazili od jednog kolege, pa je on inficirao i neke kolege iz Para\u0107ina. Mi nismo imali slu\u010daj da virus u\u0111e me\u0111u zdravstveno osoblje i onda nastane katastrofa. Kod nas se zdravstveno osoblje inficiralo van bolnice pa ono unelo infekiciju u bolnice. Na Torlaku je voza\u010d uneo zarazu, rekao je dr Nestori\u0107, \u010dlan Kriznog \u0161taba Vlade Srbije, koji je postao \u010duven po izjavi da je virus ,,sme\u0161an&#8221;, da su srpski geni ja\u010di od italijanskih i da slobodno mo\u017eemo i\u0107i u Milano u \u0161oping .<\/p>\n<p>Izjava dr Nestorovi\u0107a u emisiji Fokus posle 1,16 sati<\/p>\n<p>https:\/\/www.b92.net\/info\/vesti\/index.php?yyyy=2020&#038;mm=04&#038;dd=17&#038;nav_category=12&#038;nav_id=1676213<\/p>\n","protected":false},"excerpt":{"rendered":"<p>\u0106UPRIJA- Dr Branimir Nestori\u0107, \u010dlan Kriznog \u0161taba Vlade Srbije izjavio je danas za TV B92 da je virus covid-19 u \u0107uprijsku bolnicu ,,uneo&#8221; lekar i &hellip; <\/p>\n","protected":false},"author":2,"featured_media":23521,"comment_status":"open","ping_status":"open","sticky":false,"template":"","format":"standard","meta":{"footnotes":""},"categories":[1515,28,1524,2,12],"tags":[135,4575,4441,44,4440,156,4486],"_links":{"self":[{"href":"https:\/\/centralmedia.rs\/index.php\/wp-json\/wp\/v2\/posts\/23520"}],"collection":[{"href":"https:\/\/centralmedia.rs\/index.php\/wp-json\/wp\/v2\/posts"}],"about":[{"href":"https:\/\/centralmedia.rs\/index.php\/wp-json\/wp\/v2\/types\/post"}],"author":[{"embeddable":true,"href":"https:\/\/centralmedia.rs\/index.php\/wp-json\/wp\/v2\/users\/2"}],"replies":[{"embeddable":true,"href":"https:\/\/centralmedia.rs\/index.php\/wp-json\/wp\/v2\/comments?post=23520"}],"version-history":[{"count":5,"href":"https:\/\/centralmedia.rs\/index.php\/wp-json\/wp\/v2\/posts\/23520\/revisions"}],"predecessor-version":[{"id":23533,"href":"https:\/\/centralmedia.rs\/index.php\/wp-json\/wp\/v2\/posts\/23520\/revisions\/23533"}],"wp:featuredmedia":[{"embeddable":true,"href":"https:\/\/centralmedia.rs\/index.php\/wp-json\/wp\/v2\/media\/23521"}],"wp:attachment":[{"href":"https:\/\/centralmedia.rs\/index.php\/wp-json\/wp\/v2\/media?parent=23520"}],"wp:term":[{"taxonomy":"category","embeddable":true,"href":"https:\/\/centralmedia.rs\/index.php\/wp-json\/wp\/v2\/categories?post=23520"},{"taxonomy":"post_tag","embeddable":true,"href":"https:\/\/centralmedia.rs\/index.php\/wp-json\/wp\/v2\/tags?post=23520"}],"curies":[{"name":"wp","href":"https:\/\/api.w.org\/{rel}","templated":true}]}}