{"id":23536,"date":"2020-04-18T17:02:48","date_gmt":"2020-04-18T17:02:48","guid":{"rendered":"http:\/\/centralmedia.rs\/?p=23536"},"modified":"2020-04-21T15:19:04","modified_gmt":"2020-04-21T15:19:04","slug":"putesestvije-odbojkaske-reprezentativke-srbije-sare-lozo-u-doba-korone-erdoganov-ljudi-u-istambulu-na-palmin-zahtev-su-se-brinuli-o-meni","status":"publish","type":"post","link":"https:\/\/centralmedia.rs\/index.php\/2020\/04\/18\/putesestvije-odbojkaske-reprezentativke-srbije-sare-lozo-u-doba-korone-erdoganov-ljudi-u-istambulu-na-palmin-zahtev-su-se-brinuli-o-meni\/","title":{"rendered":"PUTE\u0160ESTVIJE ODBOJKA\u0160KE REPREZENTATIVKE SRBIJE SARE LOZO U DOBA KORONE:  ,,ERDOGANOV LJUDI U ISTAMBULU NA PALMIN ZAHTEV SU SE BRINULI O MENI&#8221;"},"content":{"rendered":"<p>JAGODINA- Odbojka\u0161ka reprezentativka Srbije Sara Lozo (23) put od Kazahstana do Beograda u trenutku progla\u0161enja pandemije covid-19 sredinom marta i otkazivanja letova u Istambulu pamti\u0107e celog \u017eivota, jer je se iz minuta u minut menjala situacija, letovi su otkazivani, a na poziv porodice u akciju ,,spasavanja&#8221; uklju\u010dio se jagodinski politi\u010dar Dragan Markovi\u0107 Palma koji je anga\u017eovao saradnike predsednika Turske Red\u017eepa Taipa Erdogana da se brinu o njoj. Sara je predhodno doputovala iz Kazahstana gde je sa svojim klubom osvojila titulu i superkup, ona je lider ekipe i me\u0161u najboljim igra\u010dicama prvenstva.<\/p>\n<p>-U trenutku kada je na obave\u0161tenjima od 20 poslednjih letova otkazano 15 na aerodromu u Istambulu vladala je pani\u010dna atmosfera. Moj otac je pozvao Palmu, koji je odmah ponudio svu mogu\u0107u pomo\u0107, ukoliko ostanem ,,zarobljena&#8221; u Turskoj. Anga\u017eovao je bliske saradnike predsednika Turske Erdogana da me sa\u010dekaju i smeste u hotel. To je za moje roditelje bio spas, jer nisu morali da brinu da li \u0107u zavr\u0161iti u nekom migranstkom kampu koji obezbe\u0111uju vojska i policija. Me\u0111utim, situacija se jo\u0161 br\u017ee razvijala i turska avio kompanija je ipak obnovila let za Beograd, zbog njihovih dr\u017eavljana u Srbiji, tako sam sre\u0107no stigla u Beograd, sredinom marta, gde mi je odre\u0111ena izolacija od 14 dana, pa zatim jo\u0161 toliko. Kada se i to zavr\u0161ilo, najzad sam sa mojoj porodicom ku\u0107i i u\u017eivam u uskr\u0161njim praznicima, pri\u010da Sara.<\/p>\n<p><img loading=\"lazy\" decoding=\"async\" class=\"alignnone wp-image-23537 size-full\" src=\"http:\/\/centralmedia.rs\/wp-content\/uploads\/2020\/04\/sara-i-dragan.jpg\" alt=\"\" width=\"720\" height=\"960\" srcset=\"https:\/\/centralmedia.rs\/wp-content\/uploads\/2020\/04\/sara-i-dragan.jpg 720w, https:\/\/centralmedia.rs\/wp-content\/uploads\/2020\/04\/sara-i-dragan-225x300.jpg 225w, https:\/\/centralmedia.rs\/wp-content\/uploads\/2020\/04\/sara-i-dragan-315x420.jpg 315w, https:\/\/centralmedia.rs\/wp-content\/uploads\/2020\/04\/sara-i-dragan-640x853.jpg 640w, https:\/\/centralmedia.rs\/wp-content\/uploads\/2020\/04\/sara-i-dragan-681x908.jpg 681w\" sizes=\"(max-width: 720px) 100vw, 720px\" \/><\/p>\n<p>Na susret sa ocem Draganom i sestrom Kristinom morala da \u010deka 28 dana po dolasku u Beograd. Progla\u0161enjem pandemije korona virusa svet je polako po\u010deo da staje, zemlja za zemljom po\u010dele su da zatvaraju svoje grainice, preduzimaju sve potrebne mere i progla\u0161avaju vanredna stanja. Sara je reprezentativka Srbije u odbojci, a profesionalno igra za klub u Kazahstanu sa kojim je ove sezone osvojila prvenstvo te zemlje.<\/p>\n<p>Zbog pandemije\u00a0korona virusa\u00a0odbojka\u0161ka sezona u Kazahstanu je zavr\u0161ena ranije, njen tim je bio prvi na tabeli, a ona je sa svojim timom posle osvojenog Super kupa, postala i prvak Kazahstana.<\/p>\n<p>&#8211; Prvenstvo se zavr\u0161ilo regularno, ostao je plej-of koji je bio otkazan jer je i tamo uvedeno vanredno stanje, a Sara se iz Kazahstana vratila pre mesec dana &#8211; ka\u017ee za Sarin otac Dragan Lozo za Blic.<\/p>\n<p>Sara je bila \u010dlan kadatske, juniorske, a sada je zahvaljuju\u0107i napornom radu i posve\u0107enosti zadu\u017eila i dres seniorske reprezentacije Srbije.<\/p>\n<p>Kada je iz Kazahstana krenula putem Srbije, najpre je stigla u Istanbul odakle je trebalo da narednim letom stigne do Beograda. Tog dana je u na\u0161oj zemlji objavljeno da se obustavlja avio saobra\u0107aj.<\/p>\n<p>&#8211; Imala je problem kada je stigla u Istanbul, bilo je pitanje kako \u0107emo da je izbavimo sa aerodroma, nazad u Kazahstan nije mogla. Palma nam je prisko\u010dio i ponudio svaku vrstu pomo\u0107i, od nov\u010dane do logistike. Erdoganovi ljudi su na Palmin poziv brinuli o Sari. To je nama bila velika pomo\u0107, jer je ona bila prakti\u010dno izgubljena na aerodromu. Letovi su otkazivani jedan za drugim. \u00a0Imala je sre\u0107e da je uspela da se ukrca na poslednji redovan let iz Istanbula te je stigla u Beograd oko 19 sati &#8211; pri\u010da Sarin otac.<\/p>\n<p>Ona je, kao i svi koji su do\u0161li iz inostranstva, morala da pro\u0111e proceduru i ispo\u0161tuje sve preventivne mere koje su na snazi u borbi protiv korona virusa. Tako je usledio proces samoizolacije od 28 dana.<\/p>\n<p>&#8211; Sara je sa majkom bila u stanu u Beogradu u samoizolaciji. Najpre su joj izrekli meru od 14 dana samoizolacije, pa je to onda zbog novih mera bilo produ\u017eeno za jo\u0161 14 dana. Starija \u0107erka i ja nismo i\u0161li da je vidimo jer je kontakt zabranjen i po\u0161tovali smo te mere &#8211; obja\u0161njava Dragan.<\/p>\n<p>On se sa svojom \u0107erkom, nakon du\u017eeg perioda, sreo tokom ju\u010dera\u0161njeg dana.<\/p>\n<p>&#8211; Nismo se videli od nove godine, jer kada je do\u0161la u Beograd iz Kazahstana morali smo da ispo\u0161tujemo sve mere, te je bila samo sa majkom. Sada smo se kona\u010dno videli i mo\u0107i \u0107emo da proslavimo i njen ro\u0111endan krajem meseca &#8211; zaklju\u010dio je on.<\/p>\n<p>Nema sumnje da su jedva \u010dekali da se sretnu posle toliko meseci, ali zbog svih mera koje se sprovode susret im je bio mogu\u0107 tek nakon isteka samoizolacije i sada mogu da u\u017eivaju u zajedni\u010dkim trenucima kod svoje ku\u0107e u Jagodini.<\/p>\n<p>&nbsp;<\/p>\n","protected":false},"excerpt":{"rendered":"<p>JAGODINA- Odbojka\u0161ka reprezentativka Srbije Sara Lozo (23) put od Kazahstana do Beograda u trenutku progla\u0161enja pandemije covid-19 sredinom marta i otkazivanja letova u Istambulu pamti\u0107e &hellip; <\/p>\n","protected":false},"author":2,"featured_media":16972,"comment_status":"open","ping_status":"open","sticky":false,"template":"","format":"standard","meta":{"footnotes":""},"categories":[1524,2,1514,21,12],"tags":[58,2991,1409,1301,1410,1112],"_links":{"self":[{"href":"https:\/\/centralmedia.rs\/index.php\/wp-json\/wp\/v2\/posts\/23536"}],"collection":[{"href":"https:\/\/centralmedia.rs\/index.php\/wp-json\/wp\/v2\/posts"}],"about":[{"href":"https:\/\/centralmedia.rs\/index.php\/wp-json\/wp\/v2\/types\/post"}],"author":[{"embeddable":true,"href":"https:\/\/centralmedia.rs\/index.php\/wp-json\/wp\/v2\/users\/2"}],"replies":[{"embeddable":true,"href":"https:\/\/centralmedia.rs\/index.php\/wp-json\/wp\/v2\/comments?post=23536"}],"version-history":[{"count":2,"href":"https:\/\/centralmedia.rs\/index.php\/wp-json\/wp\/v2\/posts\/23536\/revisions"}],"predecessor-version":[{"id":23539,"href":"https:\/\/centralmedia.rs\/index.php\/wp-json\/wp\/v2\/posts\/23536\/revisions\/23539"}],"wp:featuredmedia":[{"embeddable":true,"href":"https:\/\/centralmedia.rs\/index.php\/wp-json\/wp\/v2\/media\/16972"}],"wp:attachment":[{"href":"https:\/\/centralmedia.rs\/index.php\/wp-json\/wp\/v2\/media?parent=23536"}],"wp:term":[{"taxonomy":"category","embeddable":true,"href":"https:\/\/centralmedia.rs\/index.php\/wp-json\/wp\/v2\/categories?post=23536"},{"taxonomy":"post_tag","embeddable":true,"href":"https:\/\/centralmedia.rs\/index.php\/wp-json\/wp\/v2\/tags?post=23536"}],"curies":[{"name":"wp","href":"https:\/\/api.w.org\/{rel}","templated":true}]}}