{"id":23559,"date":"2020-04-21T11:35:16","date_gmt":"2020-04-21T11:35:16","guid":{"rendered":"http:\/\/centralmedia.rs\/?p=23559"},"modified":"2020-04-25T13:15:18","modified_gmt":"2020-04-25T13:15:18","slug":"palma-obisao-desetak-jagodinskih-sela-razgovarao-sa-mestanima-i-volontirao","status":"publish","type":"post","link":"https:\/\/centralmedia.rs\/index.php\/2020\/04\/21\/palma-obisao-desetak-jagodinskih-sela-razgovarao-sa-mestanima-i-volontirao\/","title":{"rendered":"PALMA OBI\u0160AO DESETAK JAGODINSKIH SELA \u2013 RAZGOVARAO SA ME\u0160TANIMA I VOLONTIRAO"},"content":{"rendered":"<p>JAGODINA-Predsednik Skup\u0161tine grada Jagodine Dragan Markovi\u0107 Palma obi\u0161ao je sa na\u010delnikom Pomoravskog okruga Goranom Milosavljevi\u0107em desetak jagodinskih sela na kvadu. Markovi\u0107 je razgovarao sa me\u0161tanima, koji ga iz prve nisu prepoznali, jer je nosio kacigu i bio obu\u010den po propisima i saobra\u0107ajnim i onim vezanim za pona\u0161anje tokom vanrednog stanja, a nakon toga su se odu\u0161evili kada su videli ko im je do\u0161ao pred kapiju.<\/p>\n<p>-Gra\u0111ani na teritoriji Jagodine, i u gradu i u selima, po\u0161tuju mere koje su propisali nadle\u017eni dr\u017eavni organi. Vrlo je malo ljudi u seoskim dvori\u0161tima, uglavnom su svi ili na njivama ili na poslu. Mogu da konstatujem da su Jagodinci veoma disciplinovani i hvala im na tome. Jagodinska lokalna samouprava je uvek sa svojim gra\u0111anima i svi njeni resursi su, kao i uvek, na raspolaganju gra\u0111anima. Do sada su volonteri obi\u0161li oko 4.000 doma\u0107instava, kojima je pomo\u0107 potrebna i delili pomo\u0107. Zahvaljuju\u0107i donatorima podelili smo i 3.300 uskr\u0161njih paketa i nastavljamo da delimo pomo\u0107 dok traje vanredno stanje, rekao je Markovi\u0107.<\/p>\n<blockquote><div id='gallery-1' class='gallery galleryid-23559 gallery-columns-3 gallery-size-full'><figure class='gallery-item'>\n\t\t\t<div class='gallery-icon landscape'>\n\t\t\t\t<a href='https:\/\/centralmedia.rs\/index.php\/2020\/04\/21\/palma-obisao-desetak-jagodinskih-sela-razgovarao-sa-mestanima-i-volontirao\/palma-korona-2\/'><img loading=\"lazy\" decoding=\"async\" width=\"1600\" height=\"1067\" src=\"https:\/\/centralmedia.rs\/wp-content\/uploads\/2020\/04\/palma-korona-2.jpg\" class=\"attachment-full size-full\" alt=\"\" srcset=\"https:\/\/centralmedia.rs\/wp-content\/uploads\/2020\/04\/palma-korona-2.jpg 1600w, https:\/\/centralmedia.rs\/wp-content\/uploads\/2020\/04\/palma-korona-2-300x200.jpg 300w, https:\/\/centralmedia.rs\/wp-content\/uploads\/2020\/04\/palma-korona-2-768x512.jpg 768w, https:\/\/centralmedia.rs\/wp-content\/uploads\/2020\/04\/palma-korona-2-1024x683.jpg 1024w, https:\/\/centralmedia.rs\/wp-content\/uploads\/2020\/04\/palma-korona-2-630x420.jpg 630w, https:\/\/centralmedia.rs\/wp-content\/uploads\/2020\/04\/palma-korona-2-640x427.jpg 640w, https:\/\/centralmedia.rs\/wp-content\/uploads\/2020\/04\/palma-korona-2-681x454.jpg 681w\" sizes=\"(max-width: 1600px) 100vw, 1600px\" \/><\/a>\n\t\t\t<\/div><\/figure><figure class='gallery-item'>\n\t\t\t<div class='gallery-icon landscape'>\n\t\t\t\t<a href='https:\/\/centralmedia.rs\/index.php\/2020\/04\/21\/palma-obisao-desetak-jagodinskih-sela-razgovarao-sa-mestanima-i-volontirao\/palma-korona-3\/'><img loading=\"lazy\" decoding=\"async\" width=\"1600\" height=\"1067\" src=\"https:\/\/centralmedia.rs\/wp-content\/uploads\/2020\/04\/palma-korona-3.jpg\" class=\"attachment-full size-full\" alt=\"\" srcset=\"https:\/\/centralmedia.rs\/wp-content\/uploads\/2020\/04\/palma-korona-3.jpg 1600w, https:\/\/centralmedia.rs\/wp-content\/uploads\/2020\/04\/palma-korona-3-300x200.jpg 300w, https:\/\/centralmedia.rs\/wp-content\/uploads\/2020\/04\/palma-korona-3-768x512.jpg 768w, https:\/\/centralmedia.rs\/wp-content\/uploads\/2020\/04\/palma-korona-3-1024x683.jpg 1024w, https:\/\/centralmedia.rs\/wp-content\/uploads\/2020\/04\/palma-korona-3-630x420.jpg 630w, https:\/\/centralmedia.rs\/wp-content\/uploads\/2020\/04\/palma-korona-3-640x427.jpg 640w, https:\/\/centralmedia.rs\/wp-content\/uploads\/2020\/04\/palma-korona-3-681x454.jpg 681w\" sizes=\"(max-width: 1600px) 100vw, 1600px\" \/><\/a>\n\t\t\t<\/div><\/figure><figure class='gallery-item'>\n\t\t\t<div class='gallery-icon landscape'>\n\t\t\t\t<a href='https:\/\/centralmedia.rs\/index.php\/2020\/04\/21\/palma-obisao-desetak-jagodinskih-sela-razgovarao-sa-mestanima-i-volontirao\/palma-korona-1\/'><img loading=\"lazy\" decoding=\"async\" width=\"1600\" height=\"1067\" src=\"https:\/\/centralmedia.rs\/wp-content\/uploads\/2020\/04\/palma-korona-1.jpg\" class=\"attachment-full size-full\" alt=\"\" srcset=\"https:\/\/centralmedia.rs\/wp-content\/uploads\/2020\/04\/palma-korona-1.jpg 1600w, https:\/\/centralmedia.rs\/wp-content\/uploads\/2020\/04\/palma-korona-1-300x200.jpg 300w, https:\/\/centralmedia.rs\/wp-content\/uploads\/2020\/04\/palma-korona-1-768x512.jpg 768w, https:\/\/centralmedia.rs\/wp-content\/uploads\/2020\/04\/palma-korona-1-1024x683.jpg 1024w, https:\/\/centralmedia.rs\/wp-content\/uploads\/2020\/04\/palma-korona-1-630x420.jpg 630w, https:\/\/centralmedia.rs\/wp-content\/uploads\/2020\/04\/palma-korona-1-640x427.jpg 640w, https:\/\/centralmedia.rs\/wp-content\/uploads\/2020\/04\/palma-korona-1-681x454.jpg 681w\" sizes=\"(max-width: 1600px) 100vw, 1600px\" \/><\/a>\n\t\t\t<\/div><\/figure>\n\t\t<\/div>\n\n<p>PALMA VOLONTER<\/p>\n<p>Tokom obilaska sela na teritoriji grada Jagodine predsednik Skup\u0161tine grada Jagodine je i volontirao. Markovi\u0107 je pitao me\u0161tane da li im je ne\u0161to potrebno, a jedan od njih koji ima vi\u0161e od 65 godina je zamolio, ako mo\u017ee da mu se dostave cigarete, jer mu je pri kraju zaliha i nije mogao da izlazi da kupi, \u0161to je Markovi\u0107 li\u010dno u\u010dino, kupio i doneo cigarete. Ovaj obilazak do\u0161ao je tokom uskr\u0161njih praznika, pa je Dragan Markovi\u0107 Palma sa svojim sugra\u0111anima razmenjivao i uskr\u0161nja jaja.<\/p>\n<p>-Slede\u0107e praznike i slede\u0107i Uskrs da budemo svi na broju i da naredne praznike \u010dekaju cele porodice zajedno, poru\u010dio je Palma.<\/p><\/blockquote>\n","protected":false},"excerpt":{"rendered":"<p>JAGODINA-Predsednik Skup\u0161tine grada Jagodine Dragan Markovi\u0107 Palma obi\u0161ao je sa na\u010delnikom Pomoravskog okruga Goranom Milosavljevi\u0107em desetak jagodinskih sela na kvadu. Markovi\u0107 je razgovarao sa me\u0161tanima, &hellip; <\/p>\n","protected":false},"author":2,"featured_media":23560,"comment_status":"open","ping_status":"open","sticky":false,"template":"","format":"standard","meta":{"footnotes":""},"categories":[14,1524,2,1514,12],"tags":[120,909,4580],"_links":{"self":[{"href":"https:\/\/centralmedia.rs\/index.php\/wp-json\/wp\/v2\/posts\/23559"}],"collection":[{"href":"https:\/\/centralmedia.rs\/index.php\/wp-json\/wp\/v2\/posts"}],"about":[{"href":"https:\/\/centralmedia.rs\/index.php\/wp-json\/wp\/v2\/types\/post"}],"author":[{"embeddable":true,"href":"https:\/\/centralmedia.rs\/index.php\/wp-json\/wp\/v2\/users\/2"}],"replies":[{"embeddable":true,"href":"https:\/\/centralmedia.rs\/index.php\/wp-json\/wp\/v2\/comments?post=23559"}],"version-history":[{"count":1,"href":"https:\/\/centralmedia.rs\/index.php\/wp-json\/wp\/v2\/posts\/23559\/revisions"}],"predecessor-version":[{"id":23563,"href":"https:\/\/centralmedia.rs\/index.php\/wp-json\/wp\/v2\/posts\/23559\/revisions\/23563"}],"wp:featuredmedia":[{"embeddable":true,"href":"https:\/\/centralmedia.rs\/index.php\/wp-json\/wp\/v2\/media\/23560"}],"wp:attachment":[{"href":"https:\/\/centralmedia.rs\/index.php\/wp-json\/wp\/v2\/media?parent=23559"}],"wp:term":[{"taxonomy":"category","embeddable":true,"href":"https:\/\/centralmedia.rs\/index.php\/wp-json\/wp\/v2\/categories?post=23559"},{"taxonomy":"post_tag","embeddable":true,"href":"https:\/\/centralmedia.rs\/index.php\/wp-json\/wp\/v2\/tags?post=23559"}],"curies":[{"name":"wp","href":"https:\/\/api.w.org\/{rel}","templated":true}]}}